{"id":388,"date":"2025-10-20T10:47:47","date_gmt":"2025-10-20T10:47:47","guid":{"rendered":"https:\/\/stwillesquadrias.com.br\/blog\/?p=388"},"modified":"2025-10-20T10:50:31","modified_gmt":"2025-10-20T10:50:31","slug":"projeto-de-mezanino-metalico-flexibilidade-e-personalizacao-para-diferentes-espacos","status":"publish","type":"post","link":"https:\/\/stwillesquadrias.com.br\/blog\/mezanino\/projeto-de-mezanino-metalico-flexibilidade-e-personalizacao-para-diferentes-espacos\/","title":{"rendered":"Projeto de mezanino met\u00e1lico: flexibilidade e personaliza\u00e7\u00e3o para diferentes espa\u00e7os"},"content":{"rendered":"<span class=\"rt-reading-time\" style=\"display: block;\"><span class=\"rt-label rt-prefix\">Tempo de leitura<\/span> <span class=\"rt-time\">6<\/span> <span class=\"rt-label rt-postfix\">minutos<\/span><\/span>\n<p class=\"has-medium-font-size wp-block-paragraph\"><strong><em>Descubra como o projeto de mezanino met\u00e1lico oferece flexibilidade, personaliza\u00e7\u00e3o e economia para diferentes tipos de ambientes.<\/em><\/strong><\/p>\n\n\n\n<p class=\"wp-block-paragraph\">Voc\u00ea j\u00e1 entrou em um galp\u00e3o, loja ou escrit\u00f3rio e pensou: \u201ceste espa\u00e7o poderia render muito mais\u201d? Essa \u00e9 exatamente a proposta do <strong>projeto de mezanino met\u00e1lico<\/strong> \u2014 transformar o vazio em utilidade, o espa\u00e7o ocioso em \u00e1rea produtiva.<\/p>\n\n\n\n<p class=\"wp-block-paragraph\">Com a constru\u00e7\u00e3o civil cada vez mais cara e os im\u00f3veis com valores elevados, encontrar solu\u00e7\u00f5es inteligentes para <strong>ampliar \u00e1reas \u00fateis sem obras demoradas<\/strong> tornou-se essencial. E \u00e9 aqui que entra o mezanino met\u00e1lico: <strong>uma estrutura segura, modular e vers\u00e1til<\/strong>, capaz de se adaptar a praticamente qualquer tipo de ambiente.<\/p>\n\n\n\n<p class=\"wp-block-paragraph\">Neste artigo, voc\u00ea vai entender por que o <strong>projeto de mezanino met\u00e1lico<\/strong> \u00e9 sin\u00f4nimo de <strong>flexibilidade, personaliza\u00e7\u00e3o e custo-benef\u00edcio<\/strong>, al\u00e9m de descobrir como empresas como a <strong>Stwill<\/strong> t\u00eam transformado esse conceito em resultados reais para seus clientes.<\/p>\n\n\n\n<div id=\"ez-toc-container\" class=\"ez-toc-v2_0_65 counter-hierarchy ez-toc-counter ez-toc-grey ez-toc-container-direction\">\n<div class=\"ez-toc-title-container\">\n<p class=\"ez-toc-title \" >T&oacute;picos do artigo<\/p>\n<span class=\"ez-toc-title-toggle\"><a href=\"#\" class=\"ez-toc-pull-right ez-toc-btn ez-toc-btn-xs ez-toc-btn-default ez-toc-toggle\" aria-label=\"Toggle Table of Content\"><span class=\"ez-toc-js-icon-con\"><span class=\"\"><span class=\"eztoc-hide\" style=\"display:none;\">Toggle<\/span><span class=\"ez-toc-icon-toggle-span\"><svg style=\"fill: #999;color:#999\" xmlns=\"http:\/\/www.w3.org\/2000\/svg\" class=\"list-377408\" width=\"20px\" height=\"20px\" viewBox=\"0 0 24 24\" fill=\"none\"><path d=\"M6 6H4v2h2V6zm14 0H8v2h12V6zM4 11h2v2H4v-2zm16 0H8v2h12v-2zM4 16h2v2H4v-2zm16 0H8v2h12v-2z\" fill=\"currentColor\"><\/path><\/svg><svg style=\"fill: #999;color:#999\" class=\"arrow-unsorted-368013\" xmlns=\"http:\/\/www.w3.org\/2000\/svg\" width=\"10px\" height=\"10px\" viewBox=\"0 0 24 24\" version=\"1.2\" baseProfile=\"tiny\"><path d=\"M18.2 9.3l-6.2-6.3-6.2 6.3c-.2.2-.3.4-.3.7s.1.5.3.7c.2.2.4.3.7.3h11c.3 0 .5-.1.7-.3.2-.2.3-.5.3-.7s-.1-.5-.3-.7zM5.8 14.7l6.2 6.3 6.2-6.3c.2-.2.3-.5.3-.7s-.1-.5-.3-.7c-.2-.2-.4-.3-.7-.3h-11c-.3 0-.5.1-.7.3-.2.2-.3.5-.3.7s.1.5.3.7z\"\/><\/svg><\/span><\/span><\/span><\/a><\/span><\/div>\n<nav><ul class='ez-toc-list ez-toc-list-level-1 ' ><li class='ez-toc-page-1 ez-toc-heading-level-2'><a class=\"ez-toc-link ez-toc-heading-1\" href=\"https:\/\/stwillesquadrias.com.br\/blog\/mezanino\/projeto-de-mezanino-metalico-flexibilidade-e-personalizacao-para-diferentes-espacos\/#O_que_e_um_projeto_de_mezanino_metalico\" title=\"O que \u00e9 um projeto de mezanino met\u00e1lico\">O que \u00e9 um projeto de mezanino met\u00e1lico<\/a><\/li><li class='ez-toc-page-1 ez-toc-heading-level-2'><a class=\"ez-toc-link ez-toc-heading-2\" href=\"https:\/\/stwillesquadrias.com.br\/blog\/mezanino\/projeto-de-mezanino-metalico-flexibilidade-e-personalizacao-para-diferentes-espacos\/#Personalizacao_total_em_projetos_de_mezanino_metalico\" title=\"Personaliza\u00e7\u00e3o total em projetos de mezanino met\u00e1lico\">Personaliza\u00e7\u00e3o total em projetos de mezanino met\u00e1lico<\/a><\/li><li class='ez-toc-page-1 ez-toc-heading-level-2'><a class=\"ez-toc-link ez-toc-heading-3\" href=\"https:\/\/stwillesquadrias.com.br\/blog\/mezanino\/projeto-de-mezanino-metalico-flexibilidade-e-personalizacao-para-diferentes-espacos\/#Projeto_de_mezanino_metalico_flexibilidade_que_se_adapta_a_voce\" title=\"Projeto de mezanino met\u00e1lico: flexibilidade que se adapta a voc\u00ea\">Projeto de mezanino met\u00e1lico: flexibilidade que se adapta a voc\u00ea<\/a><\/li><li class='ez-toc-page-1 ez-toc-heading-level-2'><a class=\"ez-toc-link ez-toc-heading-4\" href=\"https:\/\/stwillesquadrias.com.br\/blog\/mezanino\/projeto-de-mezanino-metalico-flexibilidade-e-personalizacao-para-diferentes-espacos\/#Vantagens_do_projeto_de_mezanino_metalico\" title=\"Vantagens do projeto de mezanino met\u00e1lico\">Vantagens do projeto de mezanino met\u00e1lico<\/a><\/li><li class='ez-toc-page-1 ez-toc-heading-level-2'><a class=\"ez-toc-link ez-toc-heading-5\" href=\"https:\/\/stwillesquadrias.com.br\/blog\/mezanino\/projeto-de-mezanino-metalico-flexibilidade-e-personalizacao-para-diferentes-espacos\/#Projeto_de_mezanino_metalico_em_diferentes_ambientes\" title=\"Projeto de mezanino met\u00e1lico em diferentes ambientes\">Projeto de mezanino met\u00e1lico em diferentes ambientes<\/a><\/li><li class='ez-toc-page-1 ez-toc-heading-level-2'><a class=\"ez-toc-link ez-toc-heading-6\" href=\"https:\/\/stwillesquadrias.com.br\/blog\/mezanino\/projeto-de-mezanino-metalico-flexibilidade-e-personalizacao-para-diferentes-espacos\/#Projeto_de_mezanino_metalico_seguranca_e_confiabilidade\" title=\"Projeto de mezanino met\u00e1lico: seguran\u00e7a e confiabilidade\">Projeto de mezanino met\u00e1lico: seguran\u00e7a e confiabilidade<\/a><\/li><li class='ez-toc-page-1 ez-toc-heading-level-2'><a class=\"ez-toc-link ez-toc-heading-7\" href=\"https:\/\/stwillesquadrias.com.br\/blog\/mezanino\/projeto-de-mezanino-metalico-flexibilidade-e-personalizacao-para-diferentes-espacos\/#O_projeto_de_mezanino_metalico_da_Stwill_sob_medida_para_voce\" title=\"O projeto de mezanino met\u00e1lico da Stwill: sob medida para voc\u00ea\">O projeto de mezanino met\u00e1lico da Stwill: sob medida para voc\u00ea<\/a><\/li><\/ul><\/nav><\/div>\n<h2 class=\"wp-block-heading\"><span class=\"ez-toc-section\" id=\"O_que_e_um_projeto_de_mezanino_metalico\"><\/span><strong>O que \u00e9 um projeto de mezanino met\u00e1lico<\/strong><span class=\"ez-toc-section-end\"><\/span><\/h2>\n\n\n\n<p class=\"wp-block-paragraph\">O <strong>mezanino met\u00e1lico<\/strong> \u00e9 uma estrutura elevada, constru\u00edda geralmente em a\u00e7o, que cria um <strong>pavimento intermedi\u00e1rio<\/strong> dentro de um ambiente com <strong>p\u00e9-direito alto<\/strong>.&nbsp;<\/p>\n\n\n\n<p class=\"wp-block-paragraph\">Essa solu\u00e7\u00e3o \u00e9 ideal para ind\u00fastrias, com\u00e9rcios e resid\u00eancias que desejam <strong>aproveitar o espa\u00e7o vertical<\/strong>, sem precisar expandir a constru\u00e7\u00e3o para os lados.<\/p>\n\n\n\n<p class=\"wp-block-paragraph\">Al\u00e9m de sua <strong>instala\u00e7\u00e3o r\u00e1pida e limpa<\/strong>, o projeto de mezanino met\u00e1lico oferece <strong>resist\u00eancia, durabilidade e flexibilidade de uso<\/strong>, podendo ser desmontado, realocado e adaptado conforme as necessidades mudam.<\/p>\n\n\n\n<p class=\"wp-block-paragraph\">Comparado \u00e0s estruturas de alvenaria, o mezanino met\u00e1lico \u00e9 <strong>economicamente mais vi\u00e1vel<\/strong>, pois exige menos tempo de obra, menor investimento em funda\u00e7\u00f5es e reduz o desperd\u00edcio de materiais.<\/p>\n\n\n\n<ul class=\"wp-block-list\">\n<li><a href=\"https:\/\/stwillesquadrias.com.br\/blog\/mezanino\/fabricante-de-mezanino-metalico-aposte-nas-solucoes-da-stwill-esquadrias\/\">Fabricante de mezanino met\u00e1lico: aposte nas solu\u00e7\u00f5es da Stwill Esquadrias<\/a><\/li>\n<\/ul>\n\n\n\n<h2 class=\"wp-block-heading\"><span class=\"ez-toc-section\" id=\"Personalizacao_total_em_projetos_de_mezanino_metalico\"><\/span><strong>Personaliza\u00e7\u00e3o total em projetos de mezanino met\u00e1lico<\/strong><span class=\"ez-toc-section-end\"><\/span><\/h2>\n\n\n\n<p class=\"wp-block-paragraph\">Cada projeto de mezanino met\u00e1lico \u00e9 \u00fanico. Isso porque ele \u00e9 desenvolvido <strong>com base nas necessidades espec\u00edficas de cada cliente<\/strong> \u2014 sejam elas estruturais, funcionais ou est\u00e9ticas.<\/p>\n\n\n\n<p class=\"wp-block-paragraph\">\u00c9 poss\u00edvel escolher:<\/p>\n\n\n\n<ul class=\"wp-block-list\">\n<li><strong>Dimens\u00f5es personalizadas<\/strong>, ajustadas ao espa\u00e7o e \u00e0 carga que ser\u00e1 suportada;<br><br><\/li>\n\n\n\n<li><strong>Acabamentos e pisos variados<\/strong>, como madeira, a\u00e7o galvanizado ou placas ciment\u00edcias;<br><br><\/li>\n\n\n\n<li><strong>Tipos de escadas e guarda-corpos<\/strong>, integrados ao layout do ambiente;<br><br><\/li>\n\n\n\n<li><strong>Pinturas e revestimentos especiais<\/strong>, que combinam com a identidade visual do local.<br><\/li>\n<\/ul>\n\n\n\n<p class=\"wp-block-paragraph\">O resultado \u00e9 uma estrutura <strong>segura, moderna e visualmente harm\u00f4nica<\/strong>, que valoriza o ambiente e melhora o aproveitamento do espa\u00e7o dispon\u00edvel.<\/p>\n\n\n\n<h2 class=\"wp-block-heading\"><span class=\"ez-toc-section\" id=\"Projeto_de_mezanino_metalico_flexibilidade_que_se_adapta_a_voce\"><\/span><strong>Projeto de mezanino met\u00e1lico: flexibilidade que se adapta a voc\u00ea<\/strong><span class=\"ez-toc-section-end\"><\/span><\/h2>\n\n\n\n<p class=\"wp-block-paragraph\">Um dos maiores diferenciais desse tipo de estrutura \u00e9 a sua <strong>capacidade de adapta\u00e7\u00e3o<\/strong>. O <strong>projeto de mezanino met\u00e1lico<\/strong> \u00e9 totalmente personaliz\u00e1vel \u2014 desde as dimens\u00f5es at\u00e9 o acabamento final.<\/p>\n\n\n<div class=\"wp-block-image\">\n<figure class=\"alignright size-full is-resized\"><img loading=\"lazy\" decoding=\"async\" width=\"487\" height=\"575\" src=\"https:\/\/stwillesquadrias.com.br\/blog\/wp-content\/uploads\/2025\/10\/Captura-de-Tela-2025-10-20-as-07.40.55.png\" alt=\"Projeto de mezanino met\u00e1lico: flexibilidade e personaliza\u00e7\u00e3o para qualquer tipo de espa\u00e7o\n\" class=\"wp-image-390\" style=\"width:253px;height:auto\" srcset=\"https:\/\/stwillesquadrias.com.br\/blog\/wp-content\/uploads\/2025\/10\/Captura-de-Tela-2025-10-20-as-07.40.55.png 487w, https:\/\/stwillesquadrias.com.br\/blog\/wp-content\/uploads\/2025\/10\/Captura-de-Tela-2025-10-20-as-07.40.55-254x300.png 254w, https:\/\/stwillesquadrias.com.br\/blog\/wp-content\/uploads\/2025\/10\/Captura-de-Tela-2025-10-20-as-07.40.55-51x60.png 51w\" sizes=\"auto, (max-width: 487px) 100vw, 487px\" \/><\/figure>\n<\/div>\n\n\n<p class=\"wp-block-paragraph\">Empresas que precisam ampliar o estoque, escrit\u00f3rios que buscam criar novas salas ou resid\u00eancias que desejam um espa\u00e7o extra, como um est\u00fadio ou um quarto superior, encontram no mezanino met\u00e1lico <strong>uma solu\u00e7\u00e3o vers\u00e1til e sob medida<\/strong>.<\/p>\n\n\n\n<p class=\"wp-block-paragraph\">Al\u00e9m disso, o mezanino pode ser facilmente ampliado, desmontado ou ajustado conforme o crescimento do neg\u00f3cio. Essa <strong>flexibilidade estrutural<\/strong> faz dele uma escolha inteligente para quem busca <strong>investimentos escal\u00e1veis e sustent\u00e1veis<\/strong>.<\/p>\n\n\n\n<ul class=\"wp-block-list\">\n<li><a href=\"https:\/\/stwillesquadrias.com.br\/blog\/mezanino\/conheca-a-stwill-fabricante-de-estruturas-metalicas-e-mezaninos-mais-moderna-do-mercado\/\">Conhe\u00e7a a Stwill: fabricante de estruturas met\u00e1licas e mezaninos mais moderna do mercado<\/a><\/li>\n<\/ul>\n\n\n\n<h2 class=\"wp-block-heading\"><span class=\"ez-toc-section\" id=\"Vantagens_do_projeto_de_mezanino_metalico\"><\/span><strong>Vantagens do projeto de mezanino met\u00e1lico<\/strong><span class=\"ez-toc-section-end\"><\/span><\/h2>\n\n\n\n<p class=\"wp-block-paragraph\">Ao optar por um <strong>projeto de mezanino met\u00e1lico<\/strong>, voc\u00ea n\u00e3o ganha apenas um novo andar \u2014 ganha efici\u00eancia, economia e flexibilidade. Confira os principais benef\u00edcios:<\/p>\n\n\n\n<p class=\"wp-block-paragraph\"><strong>1. Instala\u00e7\u00e3o r\u00e1pida e limpa:<\/strong> O mezanino met\u00e1lico \u00e9 fabricado em m\u00f3dulos e montado de forma simples, reduzindo o tempo de obra e evitando sujeira ou interrup\u00e7\u00f5es nas atividades do local;<br><\/p>\n\n\n\n<p class=\"wp-block-paragraph\"><strong>2. Custo-benef\u00edcio elevado:<\/strong> Por exigir menos material, m\u00e3o de obra e tempo, o custo final \u00e9 significativamente menor do que uma obra de alvenaria tradicional;<br><\/p>\n\n\n\n<p class=\"wp-block-paragraph\"><strong>3. Resist\u00eancia e durabilidade:<\/strong> O a\u00e7o \u00e9 um material com excelente resist\u00eancia mec\u00e2nica e longa vida \u00fatil, garantindo seguran\u00e7a e estabilidade por d\u00e9cadas;<br><\/p>\n\n\n\n<p class=\"wp-block-paragraph\"><strong>4. Versatilidade de uso:<\/strong> Pode ser aplicado em galp\u00f5es industriais, lojas, escrit\u00f3rios, academias, resid\u00eancias e at\u00e9 em espa\u00e7os culturais;<br><\/p>\n\n\n\n<p class=\"wp-block-paragraph\"><strong>5. Sustentabilidade:<\/strong> O a\u00e7o utilizado \u00e9 recicl\u00e1vel e reutiliz\u00e1vel, reduzindo impactos ambientais e promovendo uma constru\u00e7\u00e3o mais limpa e eficiente.<\/p>\n\n\n\n<h2 class=\"wp-block-heading\"><span class=\"ez-toc-section\" id=\"Projeto_de_mezanino_metalico_em_diferentes_ambientes\"><\/span><strong>Projeto de mezanino met\u00e1lico em diferentes ambientes<\/strong><span class=\"ez-toc-section-end\"><\/span><\/h2>\n\n\n\n<p class=\"wp-block-paragraph\">O <strong>projeto de mezanino met\u00e1lico<\/strong> \u00e9 uma solu\u00e7\u00e3o <strong>multifuncional<\/strong>, adapt\u00e1vel a diversos contextos:<\/p>\n\n\n\n<ul class=\"wp-block-list\">\n<li><strong>Ind\u00fastrias e galp\u00f5es log\u00edsticos:<\/strong> cria \u00e1reas para escrit\u00f3rios, dep\u00f3sitos, estoques ou linhas de montagem sem comprometer o espa\u00e7o produtivo;<br><br><\/li>\n\n\n\n<li><strong>Com\u00e9rcios e lojas:<\/strong> amplia a \u00e1rea de exposi\u00e7\u00e3o e permite criar mezaninos decorativos, modernos e funcionais;<br><br><\/li>\n\n\n\n<li><strong>Escrit\u00f3rios corporativos:<\/strong> otimiza o uso de espa\u00e7os abertos, criando novos ambientes de trabalho sem dividir a planta original;<br><br><\/li>\n\n\n\n<li><strong>Resid\u00eancias:<\/strong> transforma salas com p\u00e9-direito duplo em ambientes acolhedores, como quartos, ateli\u00eas ou \u00e1reas de leitura.<br><\/li>\n<\/ul>\n\n\n\n<p class=\"wp-block-paragraph\">Essa capacidade de adapta\u00e7\u00e3o refor\u00e7a a <strong>principal caracter\u00edstica do mezanino met\u00e1lico: a flexibilidade estrutural<\/strong>. Ele se molda \u00e0 necessidade de cada cliente e acompanha o crescimento de cada neg\u00f3cio.<\/p>\n\n\n\n<h2 class=\"wp-block-heading\"><span class=\"ez-toc-section\" id=\"Projeto_de_mezanino_metalico_seguranca_e_confiabilidade\"><\/span><strong>Projeto de mezanino met\u00e1lico: seguran\u00e7a e confiabilidade<\/strong><span class=\"ez-toc-section-end\"><\/span><\/h2>\n\n\n\n<p class=\"wp-block-paragraph\">Todo projeto de mezanino met\u00e1lico deve ser elaborado com base em normas t\u00e9cnicas, como <strong>NR-12 e ABNT NBR 14762<\/strong>, garantindo seguran\u00e7a aos usu\u00e1rios e estabilidade \u00e0 estrutura.<\/p>\n\n\n\n<p class=\"wp-block-paragraph\">Ao investir em um projeto bem executado, o cliente assegura <strong>resist\u00eancia, seguran\u00e7a e conformidade legal<\/strong>, evitando riscos de sobrecarga, deforma\u00e7\u00f5es e acidentes.<\/p>\n\n\n\n<p class=\"wp-block-paragraph\">Al\u00e9m disso, o uso de <strong>materiais certificados e c\u00e1lculos estruturais precisos<\/strong> garante o desempenho ideal da instala\u00e7\u00e3o, mesmo em ambientes de alto tr\u00e1fego ou com grande movimenta\u00e7\u00e3o de cargas.<\/p>\n\n\n\n<ul class=\"wp-block-list\">\n<li><a href=\"https:\/\/stwillesquadrias.com.br\/blog\/uncategorized\/mezanino-metalico-a-solucao-ideal-para-otimizar-espacos-industriais\/\">Mezanino met\u00e1lico: a solu\u00e7\u00e3o ideal para otimizar espa\u00e7os industriais<\/a><\/li>\n<\/ul>\n\n\n\n<h2 class=\"wp-block-heading\"><span class=\"ez-toc-section\" id=\"O_projeto_de_mezanino_metalico_da_Stwill_sob_medida_para_voce\"><\/span><strong>O projeto de mezanino met\u00e1lico da Stwill: sob medida para voc\u00ea<\/strong><span class=\"ez-toc-section-end\"><\/span><\/h2>\n\n\n\n<p class=\"wp-block-paragraph\">Na <strong>Stwill<\/strong>, cada <strong>projeto de mezanino met\u00e1lico<\/strong> \u00e9 desenvolvido com foco total nas necessidades e expectativas do cliente.<\/p>\n\n\n\n<p class=\"wp-block-paragraph\">A empresa une <strong>tecnologia, experi\u00eancia e atendimento personalizado<\/strong> para entregar solu\u00e7\u00f5es sob medida, com <strong>dimens\u00f5es variadas<\/strong> que se ajustam perfeitamente a cada ambiente.<\/p>\n\n\n\n<p class=\"wp-block-paragraph\"><strong>Miss\u00e3o da Stwill:<\/strong> oferecer n\u00e3o apenas servi\u00e7os de serralheria, mas <strong>uma nova experi\u00eancia<\/strong> \u2014 garantindo <strong>satisfa\u00e7\u00e3o completa<\/strong> e <strong>fideliza\u00e7\u00e3o<\/strong> por meio de trabalhos realizados com precis\u00e3o e qualidade.<\/p>\n\n\n\n<p class=\"wp-block-paragraph\">A Stwill atende projetos <strong>residenciais, comerciais e industriais<\/strong>, sejam eles <strong>de pequeno ou grande porte<\/strong>, sempre prezando pela seguran\u00e7a, durabilidade e est\u00e9tica da estrutura met\u00e1lica.<\/p>\n\n\n\n<p class=\"wp-block-paragraph\">Se voc\u00ea busca <strong>um projeto de mezanino met\u00e1lico seguro, funcional e totalmente personalizado<\/strong>, a Stwill \u00e9 a parceira ideal para transformar o seu espa\u00e7o.<\/p>\n\n\n\n<p class=\"wp-block-paragraph\"><strong><a href=\"https:\/\/stwillesquadrias.com.br\/contato\">Entre em contato com a Stwill<\/a> e descubra como ampliar seu ambiente de forma inteligente, econ\u00f4mica e sustent\u00e1vel.<\/strong><\/p>\n","protected":false},"excerpt":{"rendered":"<p><span class=\"rt-reading-time\" style=\"display: block;\"><span class=\"rt-label rt-prefix\">Tempo de leitura<\/span> <span class=\"rt-time\">6<\/span> <span class=\"rt-label rt-postfix\">minutos<\/span><\/span> Descubra como o projeto de mezanino met\u00e1lico oferece flexibilidade, personaliza\u00e7\u00e3o e economia para diferentes tipos de ambientes. Voc\u00ea j\u00e1 entrou em um galp\u00e3o, loja ou escrit\u00f3rio e pensou: \u201ceste espa\u00e7o poderia render muito mais\u201d? Essa \u00e9 exatamente a proposta do &hellip; <\/p>\n","protected":false},"author":1,"featured_media":389,"comment_status":"open","ping_status":"open","sticky":false,"template":"","format":"standard","meta":{"footnotes":""},"categories":[1441],"tags":[2978,2956,2964,2980,2977,2983,2954,2974,2985,2955,2963,1832,2975,2973,2957,2407,2960,2976,2970,2982,2966,2969,2961,3011,3005,3006,3012,2990,3007,3009,2989,2988,2998,3004,2996,2994,3002,2993,3001,2997,2995,3003,3000,3010,2999,3008,2986,2991,2987,2992,2962,2959,2915,2979,2972,2967,2984,2981,2971,2968,2347,2655,2965,2958,2418],"class_list":["post-388","post","type-post","status-publish","format-standard","has-post-thumbnail","hentry","category-mezanino","tag-a-stwill-faz-projetos-residenciais-e-industriais","tag-ampliacao-de-espaco-comercial","tag-ampliacao-vertical-de-espaco","tag-como-e-feita-a-manutencao-de-um-mezanino-metalico","tag-como-funciona-o-projeto-de-mezanino-metalico-da-stwill","tag-como-o-mezanino-metalico-otimiza-o-espaco","tag-custo-beneficio-mezanino-metalico","tag-e-possivel-personalizar-um-mezanino-metalico","tag-empresa-de-projeto-de-mezanino-metalico","tag-estrutura-metalica-para-galpao","tag-estrutura-metalica-sustentavel","tag-mezanino-metalico-industrial","tag-mezanino-metalico-ou-de-concreto-qual-e-melhor","tag-mezanino-metalico-pode-ser-desmontado","tag-mezanino-metalico-residencial","tag-mezanino-metalico-sob-medida","tag-montagem-de-mezanino","tag-o-mezanino-metalico-aumenta-o-valor-do-imovel","tag-o-mezanino-metalico-e-seguro","tag-o-mezanino-metalico-e-sustentavel","tag-o-que-e-um-projeto-de-mezanino-metalico","tag-onde-usar-um-mezanino-metalico","tag-piso-metalico","tag-projeto-de-mezanino-metalico-em-diadema","tag-projeto-de-mezanino-metalico-em-guarulhos","tag-projeto-de-mezanino-metalico-em-itaquera","tag-projeto-de-mezanino-metalico-em-osasco","tag-projeto-de-mezanino-metalico-em-promocao","tag-projeto-de-mezanino-metalico-em-santo-andre","tag-projeto-de-mezanino-metalico-em-sao-caetano","tag-projeto-de-mezanino-metalico-em-sao-paulo","tag-projeto-de-mezanino-metalico-em-sp","tag-projeto-de-mezanino-metalico-na-cidade-lider","tag-projeto-de-mezanino-metalico-na-cidade-patriarca","tag-projeto-de-mezanino-metalico-na-vila-formosa","tag-projeto-de-mezanino-metalico-na-vila-matilde","tag-projeto-de-mezanino-metalico-na-vila-nhocune","tag-projeto-de-mezanino-metalico-na-zona-leste","tag-projeto-de-mezanino-metalico-na-zona-norte","tag-projeto-de-mezanino-metalico-na-zona-oeste","tag-projeto-de-mezanino-metalico-na-zona-sul","tag-projeto-de-mezanino-metalico-no-abc","tag-projeto-de-mezanino-metalico-no-aricanduva","tag-projeto-de-mezanino-metalico-no-carrao","tag-projeto-de-mezanino-metalico-no-centro","tag-projeto-de-mezanino-metalico-no-tatuape","tag-projeto-de-mezanino-metalico-onde-encontrar","tag-projeto-de-mezanino-metalico-perto-de-mim","tag-projeto-de-mezanino-metalico-preco","tag-projeto-de-mezanino-metalico-proximo-a-mim","tag-projeto-de-mezanino-sob-medida","tag-projeto-estrutural-metalico","tag-projeto-metalico-personalizado","tag-quais-materiais-sao-usados-em-mezaninos-metalicos","tag-quais-normas-tecnicas-um-mezanino-deve-seguir","tag-quais-os-beneficios-do-mezanino-metalico","tag-quais-sao-os-tipos-de-acabamento-de-mezanino-metalico","tag-qual-e-o-peso-maximo-que-um-mezanino-metalico-suporta","tag-qual-o-tempo-de-instalacao-de-um-mezanino-metalico","tag-quanto-custa-um-mezanino-metalico-sob-medida","tag-serralheria-industrial","tag-serralheria-sob-medida","tag-solucoes-metalicas-personalizadas","tag-stwill-mezanino-metalico","tag-vantagens-do-mezanino-metalico","latest_post"],"yoast_head":"<!-- This site is optimized with the Yoast SEO plugin v22.7 - https:\/\/yoast.com\/wordpress\/plugins\/seo\/ -->\n<title>Projeto de mezanino met\u00e1lico: flexibilidade e personaliza\u00e7\u00e3o para diferentes espa\u00e7os - Stwill Esquadrias<\/title>\n<meta name=\"description\" content=\"Descubra como o projeto de mezanino met\u00e1lico oferece flexibilidade, personaliza\u00e7\u00e3o e economia para diferentes tipos de ambientes.\" \/>\n<meta name=\"robots\" content=\"index, follow, max-snippet:-1, max-image-preview:large, max-video-preview:-1\" \/>\n<link rel=\"canonical\" href=\"https:\/\/stwillesquadrias.com.br\/blog\/mezanino\/projeto-de-mezanino-metalico-flexibilidade-e-personalizacao-para-diferentes-espacos\/\" \/>\n<meta property=\"og:locale\" content=\"pt_BR\" \/>\n<meta property=\"og:type\" content=\"article\" \/>\n<meta property=\"og:title\" content=\"Projeto de mezanino met\u00e1lico: flexibilidade e personaliza\u00e7\u00e3o para diferentes espa\u00e7os - Stwill Esquadrias\" \/>\n<meta property=\"og:description\" content=\"Descubra como o projeto de mezanino met\u00e1lico oferece flexibilidade, personaliza\u00e7\u00e3o e economia para diferentes tipos de ambientes.\" \/>\n<meta property=\"og:url\" content=\"https:\/\/stwillesquadrias.com.br\/blog\/mezanino\/projeto-de-mezanino-metalico-flexibilidade-e-personalizacao-para-diferentes-espacos\/\" \/>\n<meta property=\"og:site_name\" content=\"Stwill Esquadrias\" \/>\n<meta property=\"article:published_time\" content=\"2025-10-20T10:47:47+00:00\" \/>\n<meta property=\"article:modified_time\" content=\"2025-10-20T10:50:31+00:00\" \/>\n<meta property=\"og:image\" content=\"https:\/\/stwillesquadrias.com.br\/blog\/wp-content\/uploads\/2025\/10\/Captura-de-Tela-2025-10-20-as-07.41.14.png\" \/>\n\t<meta property=\"og:image:width\" content=\"524\" \/>\n\t<meta property=\"og:image:height\" content=\"559\" \/>\n\t<meta property=\"og:image:type\" content=\"image\/png\" \/>\n<meta name=\"author\" content=\"admin\" \/>\n<meta name=\"twitter:card\" content=\"summary_large_image\" \/>\n<meta name=\"twitter:label1\" content=\"Escrito por\" \/>\n\t<meta name=\"twitter:data1\" content=\"admin\" \/>\n\t<meta name=\"twitter:label2\" content=\"Est. tempo de leitura\" \/>\n\t<meta name=\"twitter:data2\" content=\"6 minutos\" \/>\n<script type=\"application\/ld+json\" class=\"yoast-schema-graph\">{\"@context\":\"https:\/\/schema.org\",\"@graph\":[{\"@type\":\"Article\",\"@id\":\"https:\/\/stwillesquadrias.com.br\/blog\/mezanino\/projeto-de-mezanino-metalico-flexibilidade-e-personalizacao-para-diferentes-espacos\/#article\",\"isPartOf\":{\"@id\":\"https:\/\/stwillesquadrias.com.br\/blog\/mezanino\/projeto-de-mezanino-metalico-flexibilidade-e-personalizacao-para-diferentes-espacos\/\"},\"author\":{\"name\":\"admin\",\"@id\":\"https:\/\/stwillesquadrias.com.br\/blog\/#\/schema\/person\/72c8103e469dcba699432aed5cae2399\"},\"headline\":\"Projeto de mezanino met\u00e1lico: flexibilidade e personaliza\u00e7\u00e3o para diferentes espa\u00e7os\",\"datePublished\":\"2025-10-20T10:47:47+00:00\",\"dateModified\":\"2025-10-20T10:50:31+00:00\",\"mainEntityOfPage\":{\"@id\":\"https:\/\/stwillesquadrias.com.br\/blog\/mezanino\/projeto-de-mezanino-metalico-flexibilidade-e-personalizacao-para-diferentes-espacos\/\"},\"wordCount\":1130,\"commentCount\":0,\"publisher\":{\"@id\":\"https:\/\/stwillesquadrias.com.br\/blog\/#organization\"},\"image\":{\"@id\":\"https:\/\/stwillesquadrias.com.br\/blog\/mezanino\/projeto-de-mezanino-metalico-flexibilidade-e-personalizacao-para-diferentes-espacos\/#primaryimage\"},\"thumbnailUrl\":\"https:\/\/stwillesquadrias.com.br\/blog\/wp-content\/uploads\/2025\/10\/Captura-de-Tela-2025-10-20-as-07.41.14.png\",\"keywords\":[\"A Stwill faz projetos residenciais e industriais?\",\"amplia\u00e7\u00e3o de espa\u00e7o comercial\",\"amplia\u00e7\u00e3o vertical de espa\u00e7o\",\"Como \u00e9 feita a manuten\u00e7\u00e3o de um mezanino met\u00e1lico?\",\"Como funciona o projeto de mezanino met\u00e1lico da Stwill?\",\"Como o mezanino met\u00e1lico otimiza o espa\u00e7o?\",\"custo-benef\u00edcio mezanino met\u00e1lico\",\"\u00c9 poss\u00edvel personalizar um mezanino met\u00e1lico?\",\"empresa de projeto de mezanino met\u00e1lico\",\"estrutura met\u00e1lica para galp\u00e3o\",\"estrutura met\u00e1lica sustent\u00e1vel\",\"mezanino met\u00e1lico industrial\",\"Mezanino met\u00e1lico ou de concreto: qual \u00e9 melhor?\",\"Mezanino met\u00e1lico pode ser desmontado?\",\"mezanino met\u00e1lico residencial\",\"mezanino met\u00e1lico sob medida\",\"montagem de mezanino\",\"O mezanino met\u00e1lico aumenta o valor do im\u00f3vel?\",\"O mezanino met\u00e1lico \u00e9 seguro?\",\"O mezanino met\u00e1lico \u00e9 sustent\u00e1vel?\",\"O que \u00e9 um projeto de mezanino met\u00e1lico?\",\"Onde usar um mezanino met\u00e1lico?\",\"piso met\u00e1lico\",\"projeto de mezanino met\u00e1lico em Diadema\",\"projeto de mezanino met\u00e1lico em Guarulhos\",\"projeto de mezanino met\u00e1lico em Itaquera\",\"projeto de mezanino met\u00e1lico em Osasco\",\"projeto de mezanino met\u00e1lico em promo\u00e7\u00e3o\",\"projeto de mezanino met\u00e1lico em Santo Andr\u00e9\",\"projeto de mezanino met\u00e1lico em S\u00e3o Caetano\",\"projeto de mezanino met\u00e1lico em s\u00e3o paulo\",\"projeto de mezanino met\u00e1lico em sp\",\"projeto de mezanino met\u00e1lico na Cidade L\u00edder\",\"projeto de mezanino met\u00e1lico na Cidade Patriarca\",\"projeto de mezanino met\u00e1lico na Vila Formosa\",\"projeto de mezanino met\u00e1lico na Vila Matilde\",\"projeto de mezanino met\u00e1lico na Vila Nhocun\u00e9\",\"projeto de mezanino met\u00e1lico na zona leste\",\"projeto de mezanino met\u00e1lico na zona norte\",\"projeto de mezanino met\u00e1lico na zona oeste\",\"projeto de mezanino met\u00e1lico na zona sul\",\"projeto de mezanino met\u00e1lico no ABC\",\"projeto de mezanino met\u00e1lico no Aricanduva\",\"projeto de mezanino met\u00e1lico no Carr\u00e3o\",\"projeto de mezanino met\u00e1lico no centro\",\"projeto de mezanino met\u00e1lico no Tatuap\u00e9\",\"projeto de mezanino met\u00e1lico onde encontrar\",\"projeto de mezanino met\u00e1lico perto de mim\",\"projeto de mezanino met\u00e1lico pre\u00e7o\",\"projeto de mezanino met\u00e1lico pr\u00f3ximo a mim\",\"projeto de mezanino sob medida\",\"projeto estrutural met\u00e1lico\",\"projeto met\u00e1lico personalizado\",\"Quais materiais s\u00e3o usados em mezaninos met\u00e1licos?\",\"Quais normas t\u00e9cnicas um mezanino deve seguir?\",\"Quais os benef\u00edcios do mezanino met\u00e1lico?\",\"Quais s\u00e3o os tipos de acabamento de mezanino met\u00e1lico?\",\"Qual \u00e9 o peso m\u00e1ximo que um mezanino met\u00e1lico suporta?\",\"Qual o tempo de instala\u00e7\u00e3o de um mezanino met\u00e1lico?\",\"Quanto custa um mezanino met\u00e1lico sob medida?\",\"serralheria industrial\",\"serralheria sob medida\",\"solu\u00e7\u00f5es met\u00e1licas personalizadas\",\"Stwill mezanino met\u00e1lico\",\"vantagens do mezanino met\u00e1lico\"],\"articleSection\":[\"Mezanino\"],\"inLanguage\":\"pt-BR\",\"potentialAction\":[{\"@type\":\"CommentAction\",\"name\":\"Comment\",\"target\":[\"https:\/\/stwillesquadrias.com.br\/blog\/mezanino\/projeto-de-mezanino-metalico-flexibilidade-e-personalizacao-para-diferentes-espacos\/#respond\"]}]},{\"@type\":\"WebPage\",\"@id\":\"https:\/\/stwillesquadrias.com.br\/blog\/mezanino\/projeto-de-mezanino-metalico-flexibilidade-e-personalizacao-para-diferentes-espacos\/\",\"url\":\"https:\/\/stwillesquadrias.com.br\/blog\/mezanino\/projeto-de-mezanino-metalico-flexibilidade-e-personalizacao-para-diferentes-espacos\/\",\"name\":\"Projeto de mezanino met\u00e1lico: flexibilidade e personaliza\u00e7\u00e3o para diferentes espa\u00e7os - Stwill Esquadrias\",\"isPartOf\":{\"@id\":\"https:\/\/stwillesquadrias.com.br\/blog\/#website\"},\"primaryImageOfPage\":{\"@id\":\"https:\/\/stwillesquadrias.com.br\/blog\/mezanino\/projeto-de-mezanino-metalico-flexibilidade-e-personalizacao-para-diferentes-espacos\/#primaryimage\"},\"image\":{\"@id\":\"https:\/\/stwillesquadrias.com.br\/blog\/mezanino\/projeto-de-mezanino-metalico-flexibilidade-e-personalizacao-para-diferentes-espacos\/#primaryimage\"},\"thumbnailUrl\":\"https:\/\/stwillesquadrias.com.br\/blog\/wp-content\/uploads\/2025\/10\/Captura-de-Tela-2025-10-20-as-07.41.14.png\",\"datePublished\":\"2025-10-20T10:47:47+00:00\",\"dateModified\":\"2025-10-20T10:50:31+00:00\",\"description\":\"Descubra como o projeto de mezanino met\u00e1lico oferece flexibilidade, personaliza\u00e7\u00e3o e economia para diferentes tipos de ambientes.\",\"breadcrumb\":{\"@id\":\"https:\/\/stwillesquadrias.com.br\/blog\/mezanino\/projeto-de-mezanino-metalico-flexibilidade-e-personalizacao-para-diferentes-espacos\/#breadcrumb\"},\"inLanguage\":\"pt-BR\",\"potentialAction\":[{\"@type\":\"ReadAction\",\"target\":[\"https:\/\/stwillesquadrias.com.br\/blog\/mezanino\/projeto-de-mezanino-metalico-flexibilidade-e-personalizacao-para-diferentes-espacos\/\"]}]},{\"@type\":\"ImageObject\",\"inLanguage\":\"pt-BR\",\"@id\":\"https:\/\/stwillesquadrias.com.br\/blog\/mezanino\/projeto-de-mezanino-metalico-flexibilidade-e-personalizacao-para-diferentes-espacos\/#primaryimage\",\"url\":\"https:\/\/stwillesquadrias.com.br\/blog\/wp-content\/uploads\/2025\/10\/Captura-de-Tela-2025-10-20-as-07.41.14.png\",\"contentUrl\":\"https:\/\/stwillesquadrias.com.br\/blog\/wp-content\/uploads\/2025\/10\/Captura-de-Tela-2025-10-20-as-07.41.14.png\",\"width\":524,\"height\":559,\"caption\":\"Projeto de mezanino met\u00e1lico: flexibilidade e personaliza\u00e7\u00e3o para diferentes espa\u00e7os\"},{\"@type\":\"BreadcrumbList\",\"@id\":\"https:\/\/stwillesquadrias.com.br\/blog\/mezanino\/projeto-de-mezanino-metalico-flexibilidade-e-personalizacao-para-diferentes-espacos\/#breadcrumb\",\"itemListElement\":[{\"@type\":\"ListItem\",\"position\":1,\"name\":\"In\u00edcio\",\"item\":\"https:\/\/stwillesquadrias.com.br\/blog\/\"},{\"@type\":\"ListItem\",\"position\":2,\"name\":\"Projeto de mezanino met\u00e1lico: flexibilidade e personaliza\u00e7\u00e3o para diferentes espa\u00e7os\"}]},{\"@type\":\"WebSite\",\"@id\":\"https:\/\/stwillesquadrias.com.br\/blog\/#website\",\"url\":\"https:\/\/stwillesquadrias.com.br\/blog\/\",\"name\":\"Stwill Esquadrias\",\"description\":\"Blog\",\"publisher\":{\"@id\":\"https:\/\/stwillesquadrias.com.br\/blog\/#organization\"},\"potentialAction\":[{\"@type\":\"SearchAction\",\"target\":{\"@type\":\"EntryPoint\",\"urlTemplate\":\"https:\/\/stwillesquadrias.com.br\/blog\/?s={search_term_string}\"},\"query-input\":\"required name=search_term_string\"}],\"inLanguage\":\"pt-BR\"},{\"@type\":\"Organization\",\"@id\":\"https:\/\/stwillesquadrias.com.br\/blog\/#organization\",\"name\":\"Stwill Esquadrias\",\"url\":\"https:\/\/stwillesquadrias.com.br\/blog\/\",\"logo\":{\"@type\":\"ImageObject\",\"inLanguage\":\"pt-BR\",\"@id\":\"https:\/\/stwillesquadrias.com.br\/blog\/#\/schema\/logo\/image\/\",\"url\":\"https:\/\/stwillesquadrias.com.br\/blog\/wp-content\/uploads\/2022\/04\/stwill-logo.png\",\"contentUrl\":\"https:\/\/stwillesquadrias.com.br\/blog\/wp-content\/uploads\/2022\/04\/stwill-logo.png\",\"width\":300,\"height\":108,\"caption\":\"Stwill Esquadrias\"},\"image\":{\"@id\":\"https:\/\/stwillesquadrias.com.br\/blog\/#\/schema\/logo\/image\/\"}},{\"@type\":\"Person\",\"@id\":\"https:\/\/stwillesquadrias.com.br\/blog\/#\/schema\/person\/72c8103e469dcba699432aed5cae2399\",\"name\":\"admin\",\"image\":{\"@type\":\"ImageObject\",\"inLanguage\":\"pt-BR\",\"@id\":\"https:\/\/stwillesquadrias.com.br\/blog\/#\/schema\/person\/image\/\",\"url\":\"https:\/\/secure.gravatar.com\/avatar\/e93b0e09c568d39fb51bb3bc837bb35875be86f2ef231a93496eb0b414707787?s=96&d=mm&r=g\",\"contentUrl\":\"https:\/\/secure.gravatar.com\/avatar\/e93b0e09c568d39fb51bb3bc837bb35875be86f2ef231a93496eb0b414707787?s=96&d=mm&r=g\",\"caption\":\"admin\"},\"sameAs\":[\"https:\/\/stwillesquadrias.com.br\/blog\"],\"url\":\"https:\/\/stwillesquadrias.com.br\/blog\/author\/admin\/\"}]}<\/script>\n<!-- \/ Yoast SEO plugin. -->","yoast_head_json":{"title":"Projeto de mezanino met\u00e1lico: flexibilidade e personaliza\u00e7\u00e3o para diferentes espa\u00e7os - Stwill Esquadrias","description":"Descubra como o projeto de mezanino met\u00e1lico oferece flexibilidade, personaliza\u00e7\u00e3o e economia para diferentes tipos de ambientes.","robots":{"index":"index","follow":"follow","max-snippet":"max-snippet:-1","max-image-preview":"max-image-preview:large","max-video-preview":"max-video-preview:-1"},"canonical":"https:\/\/stwillesquadrias.com.br\/blog\/mezanino\/projeto-de-mezanino-metalico-flexibilidade-e-personalizacao-para-diferentes-espacos\/","og_locale":"pt_BR","og_type":"article","og_title":"Projeto de mezanino met\u00e1lico: flexibilidade e personaliza\u00e7\u00e3o para diferentes espa\u00e7os - Stwill Esquadrias","og_description":"Descubra como o projeto de mezanino met\u00e1lico oferece flexibilidade, personaliza\u00e7\u00e3o e economia para diferentes tipos de ambientes.","og_url":"https:\/\/stwillesquadrias.com.br\/blog\/mezanino\/projeto-de-mezanino-metalico-flexibilidade-e-personalizacao-para-diferentes-espacos\/","og_site_name":"Stwill Esquadrias","article_published_time":"2025-10-20T10:47:47+00:00","article_modified_time":"2025-10-20T10:50:31+00:00","og_image":[{"width":524,"height":559,"url":"https:\/\/stwillesquadrias.com.br\/blog\/wp-content\/uploads\/2025\/10\/Captura-de-Tela-2025-10-20-as-07.41.14.png","type":"image\/png"}],"author":"admin","twitter_card":"summary_large_image","twitter_misc":{"Escrito por":"admin","Est. tempo de leitura":"6 minutos"},"schema":{"@context":"https:\/\/schema.org","@graph":[{"@type":"Article","@id":"https:\/\/stwillesquadrias.com.br\/blog\/mezanino\/projeto-de-mezanino-metalico-flexibilidade-e-personalizacao-para-diferentes-espacos\/#article","isPartOf":{"@id":"https:\/\/stwillesquadrias.com.br\/blog\/mezanino\/projeto-de-mezanino-metalico-flexibilidade-e-personalizacao-para-diferentes-espacos\/"},"author":{"name":"admin","@id":"https:\/\/stwillesquadrias.com.br\/blog\/#\/schema\/person\/72c8103e469dcba699432aed5cae2399"},"headline":"Projeto de mezanino met\u00e1lico: flexibilidade e personaliza\u00e7\u00e3o para diferentes espa\u00e7os","datePublished":"2025-10-20T10:47:47+00:00","dateModified":"2025-10-20T10:50:31+00:00","mainEntityOfPage":{"@id":"https:\/\/stwillesquadrias.com.br\/blog\/mezanino\/projeto-de-mezanino-metalico-flexibilidade-e-personalizacao-para-diferentes-espacos\/"},"wordCount":1130,"commentCount":0,"publisher":{"@id":"https:\/\/stwillesquadrias.com.br\/blog\/#organization"},"image":{"@id":"https:\/\/stwillesquadrias.com.br\/blog\/mezanino\/projeto-de-mezanino-metalico-flexibilidade-e-personalizacao-para-diferentes-espacos\/#primaryimage"},"thumbnailUrl":"https:\/\/stwillesquadrias.com.br\/blog\/wp-content\/uploads\/2025\/10\/Captura-de-Tela-2025-10-20-as-07.41.14.png","keywords":["A Stwill faz projetos residenciais e industriais?","amplia\u00e7\u00e3o de espa\u00e7o comercial","amplia\u00e7\u00e3o vertical de espa\u00e7o","Como \u00e9 feita a manuten\u00e7\u00e3o de um mezanino met\u00e1lico?","Como funciona o projeto de mezanino met\u00e1lico da Stwill?","Como o mezanino met\u00e1lico otimiza o espa\u00e7o?","custo-benef\u00edcio mezanino met\u00e1lico","\u00c9 poss\u00edvel personalizar um mezanino met\u00e1lico?","empresa de projeto de mezanino met\u00e1lico","estrutura met\u00e1lica para galp\u00e3o","estrutura met\u00e1lica sustent\u00e1vel","mezanino met\u00e1lico industrial","Mezanino met\u00e1lico ou de concreto: qual \u00e9 melhor?","Mezanino met\u00e1lico pode ser desmontado?","mezanino met\u00e1lico residencial","mezanino met\u00e1lico sob medida","montagem de mezanino","O mezanino met\u00e1lico aumenta o valor do im\u00f3vel?","O mezanino met\u00e1lico \u00e9 seguro?","O mezanino met\u00e1lico \u00e9 sustent\u00e1vel?","O que \u00e9 um projeto de mezanino met\u00e1lico?","Onde usar um mezanino met\u00e1lico?","piso met\u00e1lico","projeto de mezanino met\u00e1lico em Diadema","projeto de mezanino met\u00e1lico em Guarulhos","projeto de mezanino met\u00e1lico em Itaquera","projeto de mezanino met\u00e1lico em Osasco","projeto de mezanino met\u00e1lico em promo\u00e7\u00e3o","projeto de mezanino met\u00e1lico em Santo Andr\u00e9","projeto de mezanino met\u00e1lico em S\u00e3o Caetano","projeto de mezanino met\u00e1lico em s\u00e3o paulo","projeto de mezanino met\u00e1lico em sp","projeto de mezanino met\u00e1lico na Cidade L\u00edder","projeto de mezanino met\u00e1lico na Cidade Patriarca","projeto de mezanino met\u00e1lico na Vila Formosa","projeto de mezanino met\u00e1lico na Vila Matilde","projeto de mezanino met\u00e1lico na Vila Nhocun\u00e9","projeto de mezanino met\u00e1lico na zona leste","projeto de mezanino met\u00e1lico na zona norte","projeto de mezanino met\u00e1lico na zona oeste","projeto de mezanino met\u00e1lico na zona sul","projeto de mezanino met\u00e1lico no ABC","projeto de mezanino met\u00e1lico no Aricanduva","projeto de mezanino met\u00e1lico no Carr\u00e3o","projeto de mezanino met\u00e1lico no centro","projeto de mezanino met\u00e1lico no Tatuap\u00e9","projeto de mezanino met\u00e1lico onde encontrar","projeto de mezanino met\u00e1lico perto de mim","projeto de mezanino met\u00e1lico pre\u00e7o","projeto de mezanino met\u00e1lico pr\u00f3ximo a mim","projeto de mezanino sob medida","projeto estrutural met\u00e1lico","projeto met\u00e1lico personalizado","Quais materiais s\u00e3o usados em mezaninos met\u00e1licos?","Quais normas t\u00e9cnicas um mezanino deve seguir?","Quais os benef\u00edcios do mezanino met\u00e1lico?","Quais s\u00e3o os tipos de acabamento de mezanino met\u00e1lico?","Qual \u00e9 o peso m\u00e1ximo que um mezanino met\u00e1lico suporta?","Qual o tempo de instala\u00e7\u00e3o de um mezanino met\u00e1lico?","Quanto custa um mezanino met\u00e1lico sob medida?","serralheria industrial","serralheria sob medida","solu\u00e7\u00f5es met\u00e1licas personalizadas","Stwill mezanino met\u00e1lico","vantagens do mezanino met\u00e1lico"],"articleSection":["Mezanino"],"inLanguage":"pt-BR","potentialAction":[{"@type":"CommentAction","name":"Comment","target":["https:\/\/stwillesquadrias.com.br\/blog\/mezanino\/projeto-de-mezanino-metalico-flexibilidade-e-personalizacao-para-diferentes-espacos\/#respond"]}]},{"@type":"WebPage","@id":"https:\/\/stwillesquadrias.com.br\/blog\/mezanino\/projeto-de-mezanino-metalico-flexibilidade-e-personalizacao-para-diferentes-espacos\/","url":"https:\/\/stwillesquadrias.com.br\/blog\/mezanino\/projeto-de-mezanino-metalico-flexibilidade-e-personalizacao-para-diferentes-espacos\/","name":"Projeto de mezanino met\u00e1lico: flexibilidade e personaliza\u00e7\u00e3o para diferentes espa\u00e7os - Stwill Esquadrias","isPartOf":{"@id":"https:\/\/stwillesquadrias.com.br\/blog\/#website"},"primaryImageOfPage":{"@id":"https:\/\/stwillesquadrias.com.br\/blog\/mezanino\/projeto-de-mezanino-metalico-flexibilidade-e-personalizacao-para-diferentes-espacos\/#primaryimage"},"image":{"@id":"https:\/\/stwillesquadrias.com.br\/blog\/mezanino\/projeto-de-mezanino-metalico-flexibilidade-e-personalizacao-para-diferentes-espacos\/#primaryimage"},"thumbnailUrl":"https:\/\/stwillesquadrias.com.br\/blog\/wp-content\/uploads\/2025\/10\/Captura-de-Tela-2025-10-20-as-07.41.14.png","datePublished":"2025-10-20T10:47:47+00:00","dateModified":"2025-10-20T10:50:31+00:00","description":"Descubra como o projeto de mezanino met\u00e1lico oferece flexibilidade, personaliza\u00e7\u00e3o e economia para diferentes tipos de ambientes.","breadcrumb":{"@id":"https:\/\/stwillesquadrias.com.br\/blog\/mezanino\/projeto-de-mezanino-metalico-flexibilidade-e-personalizacao-para-diferentes-espacos\/#breadcrumb"},"inLanguage":"pt-BR","potentialAction":[{"@type":"ReadAction","target":["https:\/\/stwillesquadrias.com.br\/blog\/mezanino\/projeto-de-mezanino-metalico-flexibilidade-e-personalizacao-para-diferentes-espacos\/"]}]},{"@type":"ImageObject","inLanguage":"pt-BR","@id":"https:\/\/stwillesquadrias.com.br\/blog\/mezanino\/projeto-de-mezanino-metalico-flexibilidade-e-personalizacao-para-diferentes-espacos\/#primaryimage","url":"https:\/\/stwillesquadrias.com.br\/blog\/wp-content\/uploads\/2025\/10\/Captura-de-Tela-2025-10-20-as-07.41.14.png","contentUrl":"https:\/\/stwillesquadrias.com.br\/blog\/wp-content\/uploads\/2025\/10\/Captura-de-Tela-2025-10-20-as-07.41.14.png","width":524,"height":559,"caption":"Projeto de mezanino met\u00e1lico: flexibilidade e personaliza\u00e7\u00e3o para diferentes espa\u00e7os"},{"@type":"BreadcrumbList","@id":"https:\/\/stwillesquadrias.com.br\/blog\/mezanino\/projeto-de-mezanino-metalico-flexibilidade-e-personalizacao-para-diferentes-espacos\/#breadcrumb","itemListElement":[{"@type":"ListItem","position":1,"name":"In\u00edcio","item":"https:\/\/stwillesquadrias.com.br\/blog\/"},{"@type":"ListItem","position":2,"name":"Projeto de mezanino met\u00e1lico: flexibilidade e personaliza\u00e7\u00e3o para diferentes espa\u00e7os"}]},{"@type":"WebSite","@id":"https:\/\/stwillesquadrias.com.br\/blog\/#website","url":"https:\/\/stwillesquadrias.com.br\/blog\/","name":"Stwill Esquadrias","description":"Blog","publisher":{"@id":"https:\/\/stwillesquadrias.com.br\/blog\/#organization"},"potentialAction":[{"@type":"SearchAction","target":{"@type":"EntryPoint","urlTemplate":"https:\/\/stwillesquadrias.com.br\/blog\/?s={search_term_string}"},"query-input":"required name=search_term_string"}],"inLanguage":"pt-BR"},{"@type":"Organization","@id":"https:\/\/stwillesquadrias.com.br\/blog\/#organization","name":"Stwill Esquadrias","url":"https:\/\/stwillesquadrias.com.br\/blog\/","logo":{"@type":"ImageObject","inLanguage":"pt-BR","@id":"https:\/\/stwillesquadrias.com.br\/blog\/#\/schema\/logo\/image\/","url":"https:\/\/stwillesquadrias.com.br\/blog\/wp-content\/uploads\/2022\/04\/stwill-logo.png","contentUrl":"https:\/\/stwillesquadrias.com.br\/blog\/wp-content\/uploads\/2022\/04\/stwill-logo.png","width":300,"height":108,"caption":"Stwill Esquadrias"},"image":{"@id":"https:\/\/stwillesquadrias.com.br\/blog\/#\/schema\/logo\/image\/"}},{"@type":"Person","@id":"https:\/\/stwillesquadrias.com.br\/blog\/#\/schema\/person\/72c8103e469dcba699432aed5cae2399","name":"admin","image":{"@type":"ImageObject","inLanguage":"pt-BR","@id":"https:\/\/stwillesquadrias.com.br\/blog\/#\/schema\/person\/image\/","url":"https:\/\/secure.gravatar.com\/avatar\/e93b0e09c568d39fb51bb3bc837bb35875be86f2ef231a93496eb0b414707787?s=96&d=mm&r=g","contentUrl":"https:\/\/secure.gravatar.com\/avatar\/e93b0e09c568d39fb51bb3bc837bb35875be86f2ef231a93496eb0b414707787?s=96&d=mm&r=g","caption":"admin"},"sameAs":["https:\/\/stwillesquadrias.com.br\/blog"],"url":"https:\/\/stwillesquadrias.com.br\/blog\/author\/admin\/"}]}},"_links":{"self":[{"href":"https:\/\/stwillesquadrias.com.br\/blog\/wp-json\/wp\/v2\/posts\/388","targetHints":{"allow":["GET"]}}],"collection":[{"href":"https:\/\/stwillesquadrias.com.br\/blog\/wp-json\/wp\/v2\/posts"}],"about":[{"href":"https:\/\/stwillesquadrias.com.br\/blog\/wp-json\/wp\/v2\/types\/post"}],"author":[{"embeddable":true,"href":"https:\/\/stwillesquadrias.com.br\/blog\/wp-json\/wp\/v2\/users\/1"}],"replies":[{"embeddable":true,"href":"https:\/\/stwillesquadrias.com.br\/blog\/wp-json\/wp\/v2\/comments?post=388"}],"version-history":[{"count":1,"href":"https:\/\/stwillesquadrias.com.br\/blog\/wp-json\/wp\/v2\/posts\/388\/revisions"}],"predecessor-version":[{"id":391,"href":"https:\/\/stwillesquadrias.com.br\/blog\/wp-json\/wp\/v2\/posts\/388\/revisions\/391"}],"wp:featuredmedia":[{"embeddable":true,"href":"https:\/\/stwillesquadrias.com.br\/blog\/wp-json\/wp\/v2\/media\/389"}],"wp:attachment":[{"href":"https:\/\/stwillesquadrias.com.br\/blog\/wp-json\/wp\/v2\/media?parent=388"}],"wp:term":[{"taxonomy":"category","embeddable":true,"href":"https:\/\/stwillesquadrias.com.br\/blog\/wp-json\/wp\/v2\/categories?post=388"},{"taxonomy":"post_tag","embeddable":true,"href":"https:\/\/stwillesquadrias.com.br\/blog\/wp-json\/wp\/v2\/tags?post=388"}],"curies":[{"name":"wp","href":"https:\/\/api.w.org\/{rel}","templated":true}]}}