{"id":38,"date":"2026-08-18T18:45:33","date_gmt":"2026-08-18T18:45:33","guid":{"rendered":"https:\/\/stwillesquadrias.com.br\/blog\/?p=38"},"modified":"2026-08-18T18:45:37","modified_gmt":"2026-08-18T18:45:37","slug":"janelas-de-ferro-sob-medida-na-vila-matilde-vale-a-pena-investir","status":"publish","type":"post","link":"https:\/\/stwillesquadrias.com.br\/blog\/janelas-em-ferro\/janelas-de-ferro-sob-medida-na-vila-matilde-vale-a-pena-investir\/","title":{"rendered":"Janelas de ferro sob medida na Vila Matilde: vale a pena investir"},"content":{"rendered":"<span class=\"rt-reading-time\" style=\"display: block;\"><span class=\"rt-label rt-prefix\">Tempo de leitura<\/span> <span class=\"rt-time\">5<\/span> <span class=\"rt-label rt-postfix\">minutos<\/span><\/span>\n<p class=\"has-medium-font-size wp-block-paragraph\"><strong><em>Descubra se vale a pena investir em janelas de ferro sob medida na Vila Matilde, conhe\u00e7a vantagens, custos, manuten\u00e7\u00e3o e cuidados na escolha<\/em><\/strong><\/p>\n\n\n\n<p class=\"wp-block-paragraph\">Quando o assunto \u00e9 seguran\u00e7a, as <strong>janelas de ferro sob medida na Vila Matilde<\/strong> s\u00e3o imbat\u00edveis. Afinal, trata-se de um <strong>modelo resistente, muito dif\u00edcil de pessoas mal-intencionadas violarem<\/strong>. N\u00e3o \u00e9 \u00e0 toa que o material \u00e9 usado h\u00e1 anos e at\u00e9 hoje n\u00e3o perdeu espa\u00e7o no mercado de esquadrias.\u00a0<\/p>\n\n\n\n<p class=\"wp-block-paragraph\">Mas o que muitas pessoas n\u00e3o sabem \u00e9 que, al\u00e9m de deixarem o <strong>ambiente mais seguro<\/strong>, <strong>as janelas de ferro sob medida na Vila Matilde<\/strong> oferecem outros benef\u00edcios. E, \u00e9 claro, que conhecer sobre o assunto, \u00e9 essencial para quem est\u00e1 pensando em <strong>apostar no modelo<\/strong>.<\/p>\n\n\n\n<p class=\"wp-block-paragraph\">Para ajud\u00e1-lo nessa miss\u00e3o, pontuamos abaixo todas as <strong>vantagens e desvantagens, custo do investimento e as principais aplica\u00e7\u00f5es das janelas de ferro sob medida na Vila Matilde<\/strong>. Ao final deste post, ser\u00e1 f\u00e1cil saber se essa \u00e9 a solu\u00e7\u00e3o ideal para o seu im\u00f3vel. Confira!<\/p>\n\n\n\n<div id=\"ez-toc-container\" class=\"ez-toc-v2_0_65 counter-hierarchy ez-toc-counter ez-toc-grey ez-toc-container-direction\">\n<div class=\"ez-toc-title-container\">\n<p class=\"ez-toc-title \" >T&oacute;picos do artigo<\/p>\n<span class=\"ez-toc-title-toggle\"><a href=\"#\" class=\"ez-toc-pull-right ez-toc-btn ez-toc-btn-xs ez-toc-btn-default ez-toc-toggle\" aria-label=\"Toggle Table of Content\"><span class=\"ez-toc-js-icon-con\"><span class=\"\"><span class=\"eztoc-hide\" style=\"display:none;\">Toggle<\/span><span class=\"ez-toc-icon-toggle-span\"><svg style=\"fill: #999;color:#999\" xmlns=\"http:\/\/www.w3.org\/2000\/svg\" class=\"list-377408\" width=\"20px\" height=\"20px\" viewBox=\"0 0 24 24\" fill=\"none\"><path d=\"M6 6H4v2h2V6zm14 0H8v2h12V6zM4 11h2v2H4v-2zm16 0H8v2h12v-2zM4 16h2v2H4v-2zm16 0H8v2h12v-2z\" fill=\"currentColor\"><\/path><\/svg><svg style=\"fill: #999;color:#999\" class=\"arrow-unsorted-368013\" xmlns=\"http:\/\/www.w3.org\/2000\/svg\" width=\"10px\" height=\"10px\" viewBox=\"0 0 24 24\" version=\"1.2\" baseProfile=\"tiny\"><path d=\"M18.2 9.3l-6.2-6.3-6.2 6.3c-.2.2-.3.4-.3.7s.1.5.3.7c.2.2.4.3.7.3h11c.3 0 .5-.1.7-.3.2-.2.3-.5.3-.7s-.1-.5-.3-.7zM5.8 14.7l6.2 6.3 6.2-6.3c.2-.2.3-.5.3-.7s-.1-.5-.3-.7c-.2-.2-.4-.3-.7-.3h-11c-.3 0-.5.1-.7.3-.2.2-.3.5-.3.7s.1.5.3.7z\"\/><\/svg><\/span><\/span><\/span><\/a><\/span><\/div>\n<nav><ul class='ez-toc-list ez-toc-list-level-1 ' ><li class='ez-toc-page-1 ez-toc-heading-level-2'><a class=\"ez-toc-link ez-toc-heading-1\" href=\"https:\/\/stwillesquadrias.com.br\/blog\/janelas-em-ferro\/janelas-de-ferro-sob-medida-na-vila-matilde-vale-a-pena-investir\/#Vantagens_e_desvantagens\" title=\"Vantagens e desvantagens\">Vantagens e desvantagens<\/a><ul class='ez-toc-list-level-3' ><li class='ez-toc-heading-level-3'><a class=\"ez-toc-link ez-toc-heading-2\" href=\"https:\/\/stwillesquadrias.com.br\/blog\/janelas-em-ferro\/janelas-de-ferro-sob-medida-na-vila-matilde-vale-a-pena-investir\/#Vantagens\" title=\"Vantagens:\">Vantagens:<\/a><\/li><li class='ez-toc-page-1 ez-toc-heading-level-3'><a class=\"ez-toc-link ez-toc-heading-3\" href=\"https:\/\/stwillesquadrias.com.br\/blog\/janelas-em-ferro\/janelas-de-ferro-sob-medida-na-vila-matilde-vale-a-pena-investir\/#Desvantagens\" title=\"Desvantagens:\">Desvantagens:<\/a><\/li><li class='ez-toc-page-1 ez-toc-heading-level-3'><a class=\"ez-toc-link ez-toc-heading-4\" href=\"https:\/\/stwillesquadrias.com.br\/blog\/janelas-em-ferro\/janelas-de-ferro-sob-medida-na-vila-matilde-vale-a-pena-investir\/#Por_que_fazer_uma_janela_de_ferro_sob_medida\" title=\"Por que fazer uma janela de ferro sob medida?\">Por que fazer uma janela de ferro sob medida?<\/a><\/li><\/ul><\/li><li class='ez-toc-page-1 ez-toc-heading-level-2'><a class=\"ez-toc-link ez-toc-heading-5\" href=\"https:\/\/stwillesquadrias.com.br\/blog\/janelas-em-ferro\/janelas-de-ferro-sob-medida-na-vila-matilde-vale-a-pena-investir\/#Quanto_custa_investir_em_esquadrias_de_ferro\" title=\"Quanto custa investir em esquadrias de ferro&nbsp;\">Quanto custa investir em esquadrias de ferro&nbsp;<\/a><\/li><li class='ez-toc-page-1 ez-toc-heading-level-2'><a class=\"ez-toc-link ez-toc-heading-6\" href=\"https:\/\/stwillesquadrias.com.br\/blog\/janelas-em-ferro\/janelas-de-ferro-sob-medida-na-vila-matilde-vale-a-pena-investir\/#Aplicacoes_como_e_onde_instalar_janelas_de_ferro_sob_medida_na_Vila_Matilde\" title=\"Aplica\u00e7\u00f5es: como e onde instalar janelas de ferro sob medida na Vila Matilde?\">Aplica\u00e7\u00f5es: como e onde instalar janelas de ferro sob medida na Vila Matilde?<\/a><\/li><\/ul><\/nav><\/div>\n<h2 class=\"wp-block-heading\"><span class=\"ez-toc-section\" id=\"Vantagens_e_desvantagens\"><\/span>Vantagens e desvantagens<span class=\"ez-toc-section-end\"><\/span><\/h2>\n\n\n\n<p class=\"wp-block-paragraph\">O primeiro passo para saber se vale a pena investir em <strong>janelas de ferro sob medida na Vila Matilde<\/strong>, \u00e9 conferir os pr\u00f3s e contras de instalar o modelo. Veja s\u00f3:<\/p>\n\n\n\n<h3 class=\"wp-block-heading\"><span class=\"ez-toc-section\" id=\"Vantagens\"><\/span><strong>Vantagens:<\/strong><span class=\"ez-toc-section-end\"><\/span><\/h3>\n\n\n\n<ul class=\"wp-block-list\">\n<li>resist\u00eancia e durabilidade;<\/li>\n\n\n\n<li>diversidade de modelos e cores;<\/li>\n\n\n\n<li>custo-benef\u00edcio;<\/li>\n\n\n\n<li>encaixe perfeito aos ambientes;<\/li>\n\n\n\n<li>beleza.<\/li>\n<\/ul>\n\n\n\n<figure class=\"wp-block-image size-full is-resized\"><img loading=\"lazy\" decoding=\"async\" width=\"600\" height=\"404\" src=\"https:\/\/stwillesquadrias.com.br\/blog\/wp-content\/uploads\/2022\/09\/janelas-de-ferro-sob-medida-na-Vila-Matilde-2.jpg\" alt=\"janelas de ferro sob medida na Vila Matilde\" class=\"wp-image-42\" style=\"width:500px\" srcset=\"https:\/\/stwillesquadrias.com.br\/blog\/wp-content\/uploads\/2022\/09\/janelas-de-ferro-sob-medida-na-Vila-Matilde-2.jpg 600w, https:\/\/stwillesquadrias.com.br\/blog\/wp-content\/uploads\/2022\/09\/janelas-de-ferro-sob-medida-na-Vila-Matilde-2-300x202.jpg 300w\" sizes=\"auto, (max-width: 600px) 100vw, 600px\" \/><\/figure>\n\n\n\n<h3 class=\"wp-block-heading\"><span class=\"ez-toc-section\" id=\"Desvantagens\"><\/span><strong>Desvantagens:<\/strong><span class=\"ez-toc-section-end\"><\/span><\/h3>\n\n\n\n<p class=\"wp-block-paragraph\"><strong>Existe apenas uma ressalva na hora de escolher janelas de ferro sob medida na Vila Matilde<\/strong>. Por ser um material <strong>suscet\u00edvel \u00e0 corros\u00e3o<\/strong>, \u00e9 importante ter cuidado ao instalar em <strong>ambientes com alta umidade, como regi\u00f5es litor\u00e2neas<\/strong>.\u00a0<\/p>\n\n\n\n<p class=\"wp-block-paragraph\">Nesse caso, a dica \u00e9 optar por um modelo tratado com <strong>pintura eletrost\u00e1tica<\/strong>, tinta que confere <strong>excelente acabamento e resist\u00eancia<\/strong> <strong>\u00e0s mudan\u00e7as clim\u00e1ticas<\/strong>. Tamb\u00e9m ser\u00e1 necess\u00e1rio realizar manuten\u00e7\u00f5es frequentes. Outra solu\u00e7\u00e3o para quem mora no litoral, \u00e9 dar prefer\u00eancia \u00e0s <a href=\"https:\/\/stwillesquadrias.com.br\/blog\/2022\/09\/16\/tudo-o-que-voce-precisa-saber-sobre-janelas-de-aluminio-sob-medida-no-bras\/\" target=\"_blank\" rel=\"noreferrer noopener\">janelas de alum\u00ednio sob medida<\/a>.\u00a0<\/p>\n\n\n\n<h3 class=\"wp-block-heading\"><span class=\"ez-toc-section\" id=\"Por_que_fazer_uma_janela_de_ferro_sob_medida\"><\/span>Por que fazer uma janela de ferro sob medida?<span class=\"ez-toc-section-end\"><\/span><\/h3>\n\n\n\n<p class=\"wp-block-paragraph\"><strong>Uma janela sob medida permite adaptar dimens\u00f5es, desenho, sistema de abertura e acabamento \u00e0s caracter\u00edsticas reais do im\u00f3vel. <\/strong>Essa flexibilidade \u00e9 \u00fatil tanto em <strong>constru\u00e7\u00f5es novas quanto em reformas que possuem v\u00e3os fora dos padr\u00f5es encontrados em modelos prontos<\/strong>.<\/p>\n\n\n\n<p class=\"wp-block-paragraph\"><strong>O projeto personalizado<\/strong> tamb\u00e9m facilita a cria\u00e7\u00e3o de solu\u00e7\u00f5es para <strong>fachadas, corredores, cozinhas, \u00e1reas de servi\u00e7o, salas e outros espa\u00e7os<\/strong> que exigem medidas ou formatos espec\u00edficos.<\/p>\n\n\n\n<p class=\"wp-block-paragraph\"><strong>Outro benef\u00edcio est\u00e1 no aproveitamento do v\u00e3o dispon\u00edvel.<\/strong> Quando o levantamento das medidas e a fabrica\u00e7\u00e3o s\u00e3o realizados corretamente, a esquadria pode ser planejada de acordo com as necessidades de ventila\u00e7\u00e3o, ilumina\u00e7\u00e3o e circula\u00e7\u00e3o do ambiente.<\/p>\n\n\n\n<p class=\"wp-block-paragraph\">Por isso, a vantagem do modelo sob medida vai al\u00e9m da apar\u00eancia. <strong>A proposta \u00e9 desenvolver uma esquadria compat\u00edvel com a arquitetura e com a forma como aquele espa\u00e7o ser\u00e1 utilizado.<\/strong><\/p>\n\n\n\n<h2 class=\"wp-block-heading\"><span class=\"ez-toc-section\" id=\"Quanto_custa_investir_em_esquadrias_de_ferro\"><\/span>Quanto custa investir em esquadrias de ferro&nbsp;<span class=\"ez-toc-section-end\"><\/span><\/h2>\n\n\n<div class=\"wp-block-image\">\n<figure class=\"aligncenter size-full is-resized\"><img loading=\"lazy\" decoding=\"async\" width=\"600\" height=\"400\" src=\"https:\/\/stwillesquadrias.com.br\/blog\/wp-content\/uploads\/2022\/09\/janelas-de-ferro-sob-medida-na-Vila-Matilde-1.jpg\" alt=\"janelas de ferro sob medida na Vila Matilde\" class=\"wp-image-40\" style=\"width:500px\" srcset=\"https:\/\/stwillesquadrias.com.br\/blog\/wp-content\/uploads\/2022\/09\/janelas-de-ferro-sob-medida-na-Vila-Matilde-1.jpg 600w, https:\/\/stwillesquadrias.com.br\/blog\/wp-content\/uploads\/2022\/09\/janelas-de-ferro-sob-medida-na-Vila-Matilde-1-300x200.jpg 300w\" sizes=\"auto, (max-width: 600px) 100vw, 600px\" \/><\/figure>\n<\/div>\n\n\n<p class=\"wp-block-paragraph\">O or\u00e7amento tamb\u00e9m faz toda diferen\u00e7a na hora de comprar <strong>janelas de ferro sob medida na Vila Matilde<\/strong>. A boa not\u00edcia \u00e9 que o investimento costuma apresentar custo-benef\u00edcio. Isso se deve aos seguintes fatores:<\/p>\n\n\n\n<p class=\"wp-block-paragraph\"><strong>Primeiro:<\/strong> apesar da alta qualidade, as pe\u00e7as de ferro possuem pre\u00e7o inferior ao de outros mat\u00e9rias-primas.&nbsp;<\/p>\n\n\n\n<p class=\"wp-block-paragraph\"><strong>Segundo:<\/strong> as esquadrias feitas sob medida s\u00e3o f\u00e1ceis de instalar, portanto, otimizam tempo e materiais nas obras. Al\u00e9m disso, s\u00e3o solu\u00e7\u00f5es que contam com longa durabilidade.&nbsp;<\/p>\n\n\n\n<p class=\"wp-block-paragraph\"><strong>Terceiro:<\/strong> h\u00e1 uma diversidade incr\u00edvel de janelas de ferro sob medida na Vila Matilde. Ou seja, n\u00e3o ser\u00e1 dif\u00edcil encontrar uma solu\u00e7\u00e3o que atende \u00e0s necessidades do ambiente e cabe no seu or\u00e7amento.&nbsp;<\/p>\n\n\n\n<h2 class=\"wp-block-heading\"><span class=\"ez-toc-section\" id=\"Aplicacoes_como_e_onde_instalar_janelas_de_ferro_sob_medida_na_Vila_Matilde\"><\/span>Aplica\u00e7\u00f5es: como e onde instalar janelas de ferro sob medida na Vila Matilde?<span class=\"ez-toc-section-end\"><\/span><\/h2>\n\n\n\n<p class=\"wp-block-paragraph\"><strong>As janelas de ferro sob medida na Vila Matilde<\/strong> s\u00e3o perfeitas para compor todos os ambientes, residenciais, industriais ou comerciais. Isso porque conferem sofistica\u00e7\u00e3o e seguran\u00e7a aos im\u00f3veis, al\u00e9m de permitirem a cria\u00e7\u00e3o de diferentes acabamentos, cores e modelos.\u00a0<\/p>\n\n\n<div class=\"wp-block-image\">\n<figure class=\"aligncenter size-full is-resized\"><img loading=\"lazy\" decoding=\"async\" width=\"600\" height=\"400\" src=\"https:\/\/stwillesquadrias.com.br\/blog\/wp-content\/uploads\/2022\/09\/janelas-de-ferro-sob-medida-na-Vila-Matilde-3.jpg\" alt=\"janelas de ferro sob medida na Vila Matilde\" class=\"wp-image-41\" style=\"width:500px\" srcset=\"https:\/\/stwillesquadrias.com.br\/blog\/wp-content\/uploads\/2022\/09\/janelas-de-ferro-sob-medida-na-Vila-Matilde-3.jpg 600w, https:\/\/stwillesquadrias.com.br\/blog\/wp-content\/uploads\/2022\/09\/janelas-de-ferro-sob-medida-na-Vila-Matilde-3-300x200.jpg 300w\" sizes=\"auto, (max-width: 600px) 100vw, 600px\" \/><\/figure>\n<\/div>\n\n\n<p class=\"wp-block-paragraph\"><strong>A versatilidade das janelas de ferro sob medida na Vila Matilde<\/strong>, permite v\u00e1rias maneiras de instala\u00e7\u00e3o, por exemplo: com <strong>vidros, grades ou completamente em ferro<\/strong>. Tamb\u00e9m pode ser desenvolvida com abertura de <strong>correr, basculante, guilhotina e muito mais<\/strong>.\u00a0<\/p>\n\n\n\n<p class=\"wp-block-paragraph\">Para aproveitar todas as vantagens, <strong>comprar com pre\u00e7o justo e ter acesso \u00e0 modelos feitos sob medida para o seu projeto<\/strong>, <a href=\"https:\/\/stwillesquadrias.com.br\/contato\" target=\"_blank\" rel=\"noreferrer noopener\">entre em contato<\/a> com a <strong>Stwill Esquadrias<\/strong>. Em nosso site voc\u00ea encontra o que h\u00e1 de <strong>melhor em janelas, escadas, portas e muito mais itens de ferro<\/strong>.\u00a0<\/p>\n\n\n<div class=\"wp-block-image\">\n<figure class=\"aligncenter size-full\"><a href=\"https:\/\/stwillesquadrias.com.br\/\" target=\"_blank\" rel=\"noreferrer noopener\"><img loading=\"lazy\" decoding=\"async\" width=\"300\" height=\"108\" src=\"https:\/\/stwillesquadrias.com.br\/blog\/wp-content\/uploads\/2022\/04\/stwill-logo.png\" alt=\"\" class=\"wp-image-5\"\/><\/a><\/figure>\n<\/div>\n\n\n<p class=\"wp-block-paragraph\">Continue a leitura em nossa p\u00e1gina, apaixone-se agora pelos benef\u00edcios da <a href=\"https:\/\/stwillesquadrias.com.br\/blog\/2022\/09\/08\/os-beneficios-de-investir-em-fachada-de-vidro-temperado-na-vila-matilde\/\" target=\"_blank\" rel=\"noreferrer noopener\">fachada de vidro temperado na Vila Matilde<\/a>.&nbsp;<\/p>\n","protected":false},"excerpt":{"rendered":"<p><span class=\"rt-reading-time\" style=\"display: block;\"><span class=\"rt-label rt-prefix\">Tempo de leitura<\/span> <span class=\"rt-time\">5<\/span> <span class=\"rt-label rt-postfix\">minutos<\/span><\/span> Descubra se vale a pena investir em janelas de ferro sob medida na Vila Matilde, conhe\u00e7a vantagens, custos, manuten\u00e7\u00e3o e cuidados na escolha Quando o assunto \u00e9 seguran\u00e7a, as janelas de ferro sob medida na Vila Matilde s\u00e3o imbat\u00edveis. Afinal, &hellip; <\/p>\n","protected":false},"author":1,"featured_media":39,"comment_status":"open","ping_status":"open","sticky":false,"template":"","format":"standard","meta":{"footnotes":""},"categories":[10,31],"tags":[40,33,38,34,32,39,35,41,36],"class_list":["post-38","post","type-post","status-publish","format-standard","has-post-thumbnail","hentry","category-esquadrias","category-janelas-em-ferro","tag-aplicacoes-janelas-de-ferro-sob-medida","tag-comprar-janelas-de-ferro-sob-medida-na-vila-matilde","tag-desvantagens-janelas-de-ferro-sob-medida-2","tag-janelas-de-ferro-em-sp","tag-janelas-de-ferro-sob-medida-na-vila-matilde","tag-janelas-de-ferro-sob-medida-preco","tag-janelas-sob-medida-em-sp","tag-tipos-de-janelas-de-ferro","tag-vantagens-janelas-de-ferro-sob-medida","latest_post"],"yoast_head":"<!-- This site is optimized with the Yoast SEO plugin v22.7 - https:\/\/yoast.com\/wordpress\/plugins\/seo\/ -->\n<title>Janelas de ferro sob medida na Vila Matilde: vale a pena investir -<\/title>\n<meta name=\"description\" content=\"Descubra se vale a pena investir em janelas de ferro sob medida na Vila Matilde, conhe\u00e7a vantagens, custos, manuten\u00e7\u00e3o e cuidados na escolha\" \/>\n<meta name=\"robots\" content=\"index, follow, max-snippet:-1, max-image-preview:large, max-video-preview:-1\" \/>\n<link rel=\"canonical\" href=\"https:\/\/stwillesquadrias.com.br\/blog\/janelas-em-ferro\/janelas-de-ferro-sob-medida-na-vila-matilde-vale-a-pena-investir\/\" \/>\n<meta property=\"og:locale\" content=\"pt_BR\" \/>\n<meta property=\"og:type\" content=\"article\" \/>\n<meta property=\"og:title\" content=\"Janelas de ferro sob medida na Vila Matilde: vale a pena investir -\" \/>\n<meta property=\"og:description\" content=\"Descubra se vale a pena investir em janelas de ferro sob medida na Vila Matilde, conhe\u00e7a vantagens, custos, manuten\u00e7\u00e3o e cuidados na escolha\" \/>\n<meta property=\"og:url\" content=\"https:\/\/stwillesquadrias.com.br\/blog\/janelas-em-ferro\/janelas-de-ferro-sob-medida-na-vila-matilde-vale-a-pena-investir\/\" \/>\n<meta property=\"og:site_name\" content=\"Stwill Esquadrias\" \/>\n<meta property=\"article:published_time\" content=\"2026-08-18T18:45:33+00:00\" \/>\n<meta property=\"article:modified_time\" content=\"2026-08-18T18:45:37+00:00\" \/>\n<meta property=\"og:image\" content=\"https:\/\/stwillesquadrias.com.br\/blog\/wp-content\/uploads\/2022\/09\/janelas-de-ferro-sob-medida-na-Vila-Matilde.jpg\" \/>\n\t<meta property=\"og:image:width\" content=\"600\" \/>\n\t<meta property=\"og:image:height\" content=\"400\" \/>\n\t<meta property=\"og:image:type\" content=\"image\/jpeg\" \/>\n<meta name=\"author\" content=\"admin\" \/>\n<meta name=\"twitter:card\" content=\"summary_large_image\" \/>\n<meta name=\"twitter:label1\" content=\"Escrito por\" \/>\n\t<meta name=\"twitter:data1\" content=\"admin\" \/>\n\t<meta name=\"twitter:label2\" content=\"Est. tempo de leitura\" \/>\n\t<meta name=\"twitter:data2\" content=\"5 minutos\" \/>\n<script type=\"application\/ld+json\" class=\"yoast-schema-graph\">{\"@context\":\"https:\/\/schema.org\",\"@graph\":[{\"@type\":\"Article\",\"@id\":\"https:\/\/stwillesquadrias.com.br\/blog\/janelas-em-ferro\/janelas-de-ferro-sob-medida-na-vila-matilde-vale-a-pena-investir\/#article\",\"isPartOf\":{\"@id\":\"https:\/\/stwillesquadrias.com.br\/blog\/janelas-em-ferro\/janelas-de-ferro-sob-medida-na-vila-matilde-vale-a-pena-investir\/\"},\"author\":{\"name\":\"admin\",\"@id\":\"https:\/\/stwillesquadrias.com.br\/blog\/#\/schema\/person\/72c8103e469dcba699432aed5cae2399\"},\"headline\":\"Janelas de ferro sob medida na Vila Matilde: vale a pena investir\",\"datePublished\":\"2026-08-18T18:45:33+00:00\",\"dateModified\":\"2026-08-18T18:45:37+00:00\",\"mainEntityOfPage\":{\"@id\":\"https:\/\/stwillesquadrias.com.br\/blog\/janelas-em-ferro\/janelas-de-ferro-sob-medida-na-vila-matilde-vale-a-pena-investir\/\"},\"wordCount\":798,\"commentCount\":0,\"publisher\":{\"@id\":\"https:\/\/stwillesquadrias.com.br\/blog\/#organization\"},\"image\":{\"@id\":\"https:\/\/stwillesquadrias.com.br\/blog\/janelas-em-ferro\/janelas-de-ferro-sob-medida-na-vila-matilde-vale-a-pena-investir\/#primaryimage\"},\"thumbnailUrl\":\"https:\/\/stwillesquadrias.com.br\/blog\/wp-content\/uploads\/2022\/09\/janelas-de-ferro-sob-medida-na-Vila-Matilde.jpg\",\"keywords\":[\"aplica\u00e7\u00f5es janelas de ferro sob medida\",\"comprar janelas de ferro sob medida na Vila Matilde\",\"desvantagens janelas de ferro sob medida\",\"janelas de ferro em SP\",\"janelas de ferro sob medida na Vila Matilde\",\"janelas de ferro sob medida pre\u00e7o\",\"janelas sob medida em SP\",\"tipos de janelas de ferro\",\"vantagens janelas de ferro sob medida\"],\"articleSection\":[\"Esquadrias\",\"Janelas em ferro\"],\"inLanguage\":\"pt-BR\",\"potentialAction\":[{\"@type\":\"CommentAction\",\"name\":\"Comment\",\"target\":[\"https:\/\/stwillesquadrias.com.br\/blog\/janelas-em-ferro\/janelas-de-ferro-sob-medida-na-vila-matilde-vale-a-pena-investir\/#respond\"]}]},{\"@type\":\"WebPage\",\"@id\":\"https:\/\/stwillesquadrias.com.br\/blog\/janelas-em-ferro\/janelas-de-ferro-sob-medida-na-vila-matilde-vale-a-pena-investir\/\",\"url\":\"https:\/\/stwillesquadrias.com.br\/blog\/janelas-em-ferro\/janelas-de-ferro-sob-medida-na-vila-matilde-vale-a-pena-investir\/\",\"name\":\"Janelas de ferro sob medida na Vila Matilde: vale a pena investir -\",\"isPartOf\":{\"@id\":\"https:\/\/stwillesquadrias.com.br\/blog\/#website\"},\"primaryImageOfPage\":{\"@id\":\"https:\/\/stwillesquadrias.com.br\/blog\/janelas-em-ferro\/janelas-de-ferro-sob-medida-na-vila-matilde-vale-a-pena-investir\/#primaryimage\"},\"image\":{\"@id\":\"https:\/\/stwillesquadrias.com.br\/blog\/janelas-em-ferro\/janelas-de-ferro-sob-medida-na-vila-matilde-vale-a-pena-investir\/#primaryimage\"},\"thumbnailUrl\":\"https:\/\/stwillesquadrias.com.br\/blog\/wp-content\/uploads\/2022\/09\/janelas-de-ferro-sob-medida-na-Vila-Matilde.jpg\",\"datePublished\":\"2026-08-18T18:45:33+00:00\",\"dateModified\":\"2026-08-18T18:45:37+00:00\",\"description\":\"Descubra se vale a pena investir em janelas de ferro sob medida na Vila Matilde, conhe\u00e7a vantagens, custos, manuten\u00e7\u00e3o e cuidados na escolha\",\"breadcrumb\":{\"@id\":\"https:\/\/stwillesquadrias.com.br\/blog\/janelas-em-ferro\/janelas-de-ferro-sob-medida-na-vila-matilde-vale-a-pena-investir\/#breadcrumb\"},\"inLanguage\":\"pt-BR\",\"potentialAction\":[{\"@type\":\"ReadAction\",\"target\":[\"https:\/\/stwillesquadrias.com.br\/blog\/janelas-em-ferro\/janelas-de-ferro-sob-medida-na-vila-matilde-vale-a-pena-investir\/\"]}]},{\"@type\":\"ImageObject\",\"inLanguage\":\"pt-BR\",\"@id\":\"https:\/\/stwillesquadrias.com.br\/blog\/janelas-em-ferro\/janelas-de-ferro-sob-medida-na-vila-matilde-vale-a-pena-investir\/#primaryimage\",\"url\":\"https:\/\/stwillesquadrias.com.br\/blog\/wp-content\/uploads\/2022\/09\/janelas-de-ferro-sob-medida-na-Vila-Matilde.jpg\",\"contentUrl\":\"https:\/\/stwillesquadrias.com.br\/blog\/wp-content\/uploads\/2022\/09\/janelas-de-ferro-sob-medida-na-Vila-Matilde.jpg\",\"width\":600,\"height\":400,\"caption\":\"janelas de ferro sob medida na Vila Matilde\"},{\"@type\":\"BreadcrumbList\",\"@id\":\"https:\/\/stwillesquadrias.com.br\/blog\/janelas-em-ferro\/janelas-de-ferro-sob-medida-na-vila-matilde-vale-a-pena-investir\/#breadcrumb\",\"itemListElement\":[{\"@type\":\"ListItem\",\"position\":1,\"name\":\"In\u00edcio\",\"item\":\"https:\/\/stwillesquadrias.com.br\/blog\/\"},{\"@type\":\"ListItem\",\"position\":2,\"name\":\"Janelas de ferro sob medida na Vila Matilde: vale a pena investir\"}]},{\"@type\":\"WebSite\",\"@id\":\"https:\/\/stwillesquadrias.com.br\/blog\/#website\",\"url\":\"https:\/\/stwillesquadrias.com.br\/blog\/\",\"name\":\"Stwill Esquadrias\",\"description\":\"Blog\",\"publisher\":{\"@id\":\"https:\/\/stwillesquadrias.com.br\/blog\/#organization\"},\"potentialAction\":[{\"@type\":\"SearchAction\",\"target\":{\"@type\":\"EntryPoint\",\"urlTemplate\":\"https:\/\/stwillesquadrias.com.br\/blog\/?s={search_term_string}\"},\"query-input\":\"required name=search_term_string\"}],\"inLanguage\":\"pt-BR\"},{\"@type\":\"Organization\",\"@id\":\"https:\/\/stwillesquadrias.com.br\/blog\/#organization\",\"name\":\"Stwill Esquadrias\",\"url\":\"https:\/\/stwillesquadrias.com.br\/blog\/\",\"logo\":{\"@type\":\"ImageObject\",\"inLanguage\":\"pt-BR\",\"@id\":\"https:\/\/stwillesquadrias.com.br\/blog\/#\/schema\/logo\/image\/\",\"url\":\"https:\/\/stwillesquadrias.com.br\/blog\/wp-content\/uploads\/2022\/04\/stwill-logo.png\",\"contentUrl\":\"https:\/\/stwillesquadrias.com.br\/blog\/wp-content\/uploads\/2022\/04\/stwill-logo.png\",\"width\":300,\"height\":108,\"caption\":\"Stwill Esquadrias\"},\"image\":{\"@id\":\"https:\/\/stwillesquadrias.com.br\/blog\/#\/schema\/logo\/image\/\"}},{\"@type\":\"Person\",\"@id\":\"https:\/\/stwillesquadrias.com.br\/blog\/#\/schema\/person\/72c8103e469dcba699432aed5cae2399\",\"name\":\"admin\",\"image\":{\"@type\":\"ImageObject\",\"inLanguage\":\"pt-BR\",\"@id\":\"https:\/\/stwillesquadrias.com.br\/blog\/#\/schema\/person\/image\/\",\"url\":\"https:\/\/secure.gravatar.com\/avatar\/e93b0e09c568d39fb51bb3bc837bb35875be86f2ef231a93496eb0b414707787?s=96&d=mm&r=g\",\"contentUrl\":\"https:\/\/secure.gravatar.com\/avatar\/e93b0e09c568d39fb51bb3bc837bb35875be86f2ef231a93496eb0b414707787?s=96&d=mm&r=g\",\"caption\":\"admin\"},\"sameAs\":[\"https:\/\/stwillesquadrias.com.br\/blog\"],\"url\":\"https:\/\/stwillesquadrias.com.br\/blog\/author\/admin\/\"}]}<\/script>\n<!-- \/ Yoast SEO plugin. -->","yoast_head_json":{"title":"Janelas de ferro sob medida na Vila Matilde: vale a pena investir -","description":"Descubra se vale a pena investir em janelas de ferro sob medida na Vila Matilde, conhe\u00e7a vantagens, custos, manuten\u00e7\u00e3o e cuidados na escolha","robots":{"index":"index","follow":"follow","max-snippet":"max-snippet:-1","max-image-preview":"max-image-preview:large","max-video-preview":"max-video-preview:-1"},"canonical":"https:\/\/stwillesquadrias.com.br\/blog\/janelas-em-ferro\/janelas-de-ferro-sob-medida-na-vila-matilde-vale-a-pena-investir\/","og_locale":"pt_BR","og_type":"article","og_title":"Janelas de ferro sob medida na Vila Matilde: vale a pena investir -","og_description":"Descubra se vale a pena investir em janelas de ferro sob medida na Vila Matilde, conhe\u00e7a vantagens, custos, manuten\u00e7\u00e3o e cuidados na escolha","og_url":"https:\/\/stwillesquadrias.com.br\/blog\/janelas-em-ferro\/janelas-de-ferro-sob-medida-na-vila-matilde-vale-a-pena-investir\/","og_site_name":"Stwill Esquadrias","article_published_time":"2026-08-18T18:45:33+00:00","article_modified_time":"2026-08-18T18:45:37+00:00","og_image":[{"width":600,"height":400,"url":"https:\/\/stwillesquadrias.com.br\/blog\/wp-content\/uploads\/2022\/09\/janelas-de-ferro-sob-medida-na-Vila-Matilde.jpg","type":"image\/jpeg"}],"author":"admin","twitter_card":"summary_large_image","twitter_misc":{"Escrito por":"admin","Est. tempo de leitura":"5 minutos"},"schema":{"@context":"https:\/\/schema.org","@graph":[{"@type":"Article","@id":"https:\/\/stwillesquadrias.com.br\/blog\/janelas-em-ferro\/janelas-de-ferro-sob-medida-na-vila-matilde-vale-a-pena-investir\/#article","isPartOf":{"@id":"https:\/\/stwillesquadrias.com.br\/blog\/janelas-em-ferro\/janelas-de-ferro-sob-medida-na-vila-matilde-vale-a-pena-investir\/"},"author":{"name":"admin","@id":"https:\/\/stwillesquadrias.com.br\/blog\/#\/schema\/person\/72c8103e469dcba699432aed5cae2399"},"headline":"Janelas de ferro sob medida na Vila Matilde: vale a pena investir","datePublished":"2026-08-18T18:45:33+00:00","dateModified":"2026-08-18T18:45:37+00:00","mainEntityOfPage":{"@id":"https:\/\/stwillesquadrias.com.br\/blog\/janelas-em-ferro\/janelas-de-ferro-sob-medida-na-vila-matilde-vale-a-pena-investir\/"},"wordCount":798,"commentCount":0,"publisher":{"@id":"https:\/\/stwillesquadrias.com.br\/blog\/#organization"},"image":{"@id":"https:\/\/stwillesquadrias.com.br\/blog\/janelas-em-ferro\/janelas-de-ferro-sob-medida-na-vila-matilde-vale-a-pena-investir\/#primaryimage"},"thumbnailUrl":"https:\/\/stwillesquadrias.com.br\/blog\/wp-content\/uploads\/2022\/09\/janelas-de-ferro-sob-medida-na-Vila-Matilde.jpg","keywords":["aplica\u00e7\u00f5es janelas de ferro sob medida","comprar janelas de ferro sob medida na Vila Matilde","desvantagens janelas de ferro sob medida","janelas de ferro em SP","janelas de ferro sob medida na Vila Matilde","janelas de ferro sob medida pre\u00e7o","janelas sob medida em SP","tipos de janelas de ferro","vantagens janelas de ferro sob medida"],"articleSection":["Esquadrias","Janelas em ferro"],"inLanguage":"pt-BR","potentialAction":[{"@type":"CommentAction","name":"Comment","target":["https:\/\/stwillesquadrias.com.br\/blog\/janelas-em-ferro\/janelas-de-ferro-sob-medida-na-vila-matilde-vale-a-pena-investir\/#respond"]}]},{"@type":"WebPage","@id":"https:\/\/stwillesquadrias.com.br\/blog\/janelas-em-ferro\/janelas-de-ferro-sob-medida-na-vila-matilde-vale-a-pena-investir\/","url":"https:\/\/stwillesquadrias.com.br\/blog\/janelas-em-ferro\/janelas-de-ferro-sob-medida-na-vila-matilde-vale-a-pena-investir\/","name":"Janelas de ferro sob medida na Vila Matilde: vale a pena investir -","isPartOf":{"@id":"https:\/\/stwillesquadrias.com.br\/blog\/#website"},"primaryImageOfPage":{"@id":"https:\/\/stwillesquadrias.com.br\/blog\/janelas-em-ferro\/janelas-de-ferro-sob-medida-na-vila-matilde-vale-a-pena-investir\/#primaryimage"},"image":{"@id":"https:\/\/stwillesquadrias.com.br\/blog\/janelas-em-ferro\/janelas-de-ferro-sob-medida-na-vila-matilde-vale-a-pena-investir\/#primaryimage"},"thumbnailUrl":"https:\/\/stwillesquadrias.com.br\/blog\/wp-content\/uploads\/2022\/09\/janelas-de-ferro-sob-medida-na-Vila-Matilde.jpg","datePublished":"2026-08-18T18:45:33+00:00","dateModified":"2026-08-18T18:45:37+00:00","description":"Descubra se vale a pena investir em janelas de ferro sob medida na Vila Matilde, conhe\u00e7a vantagens, custos, manuten\u00e7\u00e3o e cuidados na escolha","breadcrumb":{"@id":"https:\/\/stwillesquadrias.com.br\/blog\/janelas-em-ferro\/janelas-de-ferro-sob-medida-na-vila-matilde-vale-a-pena-investir\/#breadcrumb"},"inLanguage":"pt-BR","potentialAction":[{"@type":"ReadAction","target":["https:\/\/stwillesquadrias.com.br\/blog\/janelas-em-ferro\/janelas-de-ferro-sob-medida-na-vila-matilde-vale-a-pena-investir\/"]}]},{"@type":"ImageObject","inLanguage":"pt-BR","@id":"https:\/\/stwillesquadrias.com.br\/blog\/janelas-em-ferro\/janelas-de-ferro-sob-medida-na-vila-matilde-vale-a-pena-investir\/#primaryimage","url":"https:\/\/stwillesquadrias.com.br\/blog\/wp-content\/uploads\/2022\/09\/janelas-de-ferro-sob-medida-na-Vila-Matilde.jpg","contentUrl":"https:\/\/stwillesquadrias.com.br\/blog\/wp-content\/uploads\/2022\/09\/janelas-de-ferro-sob-medida-na-Vila-Matilde.jpg","width":600,"height":400,"caption":"janelas de ferro sob medida na Vila Matilde"},{"@type":"BreadcrumbList","@id":"https:\/\/stwillesquadrias.com.br\/blog\/janelas-em-ferro\/janelas-de-ferro-sob-medida-na-vila-matilde-vale-a-pena-investir\/#breadcrumb","itemListElement":[{"@type":"ListItem","position":1,"name":"In\u00edcio","item":"https:\/\/stwillesquadrias.com.br\/blog\/"},{"@type":"ListItem","position":2,"name":"Janelas de ferro sob medida na Vila Matilde: vale a pena investir"}]},{"@type":"WebSite","@id":"https:\/\/stwillesquadrias.com.br\/blog\/#website","url":"https:\/\/stwillesquadrias.com.br\/blog\/","name":"Stwill Esquadrias","description":"Blog","publisher":{"@id":"https:\/\/stwillesquadrias.com.br\/blog\/#organization"},"potentialAction":[{"@type":"SearchAction","target":{"@type":"EntryPoint","urlTemplate":"https:\/\/stwillesquadrias.com.br\/blog\/?s={search_term_string}"},"query-input":"required name=search_term_string"}],"inLanguage":"pt-BR"},{"@type":"Organization","@id":"https:\/\/stwillesquadrias.com.br\/blog\/#organization","name":"Stwill Esquadrias","url":"https:\/\/stwillesquadrias.com.br\/blog\/","logo":{"@type":"ImageObject","inLanguage":"pt-BR","@id":"https:\/\/stwillesquadrias.com.br\/blog\/#\/schema\/logo\/image\/","url":"https:\/\/stwillesquadrias.com.br\/blog\/wp-content\/uploads\/2022\/04\/stwill-logo.png","contentUrl":"https:\/\/stwillesquadrias.com.br\/blog\/wp-content\/uploads\/2022\/04\/stwill-logo.png","width":300,"height":108,"caption":"Stwill Esquadrias"},"image":{"@id":"https:\/\/stwillesquadrias.com.br\/blog\/#\/schema\/logo\/image\/"}},{"@type":"Person","@id":"https:\/\/stwillesquadrias.com.br\/blog\/#\/schema\/person\/72c8103e469dcba699432aed5cae2399","name":"admin","image":{"@type":"ImageObject","inLanguage":"pt-BR","@id":"https:\/\/stwillesquadrias.com.br\/blog\/#\/schema\/person\/image\/","url":"https:\/\/secure.gravatar.com\/avatar\/e93b0e09c568d39fb51bb3bc837bb35875be86f2ef231a93496eb0b414707787?s=96&d=mm&r=g","contentUrl":"https:\/\/secure.gravatar.com\/avatar\/e93b0e09c568d39fb51bb3bc837bb35875be86f2ef231a93496eb0b414707787?s=96&d=mm&r=g","caption":"admin"},"sameAs":["https:\/\/stwillesquadrias.com.br\/blog"],"url":"https:\/\/stwillesquadrias.com.br\/blog\/author\/admin\/"}]}},"_links":{"self":[{"href":"https:\/\/stwillesquadrias.com.br\/blog\/wp-json\/wp\/v2\/posts\/38","targetHints":{"allow":["GET"]}}],"collection":[{"href":"https:\/\/stwillesquadrias.com.br\/blog\/wp-json\/wp\/v2\/posts"}],"about":[{"href":"https:\/\/stwillesquadrias.com.br\/blog\/wp-json\/wp\/v2\/types\/post"}],"author":[{"embeddable":true,"href":"https:\/\/stwillesquadrias.com.br\/blog\/wp-json\/wp\/v2\/users\/1"}],"replies":[{"embeddable":true,"href":"https:\/\/stwillesquadrias.com.br\/blog\/wp-json\/wp\/v2\/comments?post=38"}],"version-history":[{"count":3,"href":"https:\/\/stwillesquadrias.com.br\/blog\/wp-json\/wp\/v2\/posts\/38\/revisions"}],"predecessor-version":[{"id":449,"href":"https:\/\/stwillesquadrias.com.br\/blog\/wp-json\/wp\/v2\/posts\/38\/revisions\/449"}],"wp:featuredmedia":[{"embeddable":true,"href":"https:\/\/stwillesquadrias.com.br\/blog\/wp-json\/wp\/v2\/media\/39"}],"wp:attachment":[{"href":"https:\/\/stwillesquadrias.com.br\/blog\/wp-json\/wp\/v2\/media?parent=38"}],"wp:term":[{"taxonomy":"category","embeddable":true,"href":"https:\/\/stwillesquadrias.com.br\/blog\/wp-json\/wp\/v2\/categories?post=38"},{"taxonomy":"post_tag","embeddable":true,"href":"https:\/\/stwillesquadrias.com.br\/blog\/wp-json\/wp\/v2\/tags?post=38"}],"curies":[{"name":"wp","href":"https:\/\/api.w.org\/{rel}","templated":true}]}}