{"id":372,"date":"2025-09-05T14:28:31","date_gmt":"2025-09-05T14:28:31","guid":{"rendered":"https:\/\/stwillesquadrias.com.br\/blog\/?p=372"},"modified":"2025-09-05T14:31:21","modified_gmt":"2025-09-05T14:31:21","slug":"fachada-de-vidro-laminado-beleza-e-seguranca-em-um-so-projeto","status":"publish","type":"post","link":"https:\/\/stwillesquadrias.com.br\/blog\/fachadas\/fachada-de-vidro-laminado-beleza-e-seguranca-em-um-so-projeto\/","title":{"rendered":"Fachada de vidro laminado: beleza e seguran\u00e7a em um s\u00f3 projeto"},"content":{"rendered":"<span class=\"rt-reading-time\" style=\"display: block;\"><span class=\"rt-label rt-prefix\">Tempo de leitura<\/span> <span class=\"rt-time\">5<\/span> <span class=\"rt-label rt-postfix\">minutos<\/span><\/span>\n<p class=\"has-medium-font-size wp-block-paragraph\"><strong><em>A fachada de vidro laminado une est\u00e9tica moderna \u00e0 seguran\u00e7a estrutural, sendo ideal para projetos residenciais e comerciais. Saiba mais!<\/em><\/strong><\/p>\n\n\n\n<p class=\"wp-block-paragraph\">Projetos arquitet\u00f4nicos que aliam design sofisticado e seguran\u00e7a est\u00e3o cada vez mais em alta. Um dos elementos que mais tem ganhado destaque \u00e9 a <strong>fachada de vidro laminado<\/strong>, que transforma a apar\u00eancia de qualquer constru\u00e7\u00e3o ao mesmo tempo em que garante prote\u00e7\u00e3o e conforto.<\/p>\n\n\n\n<p class=\"wp-block-paragraph\">Seja em edif\u00edcios comerciais ou resid\u00eancias de alto padr\u00e3o, o uso de fachadas de vidro \u00e9 uma tend\u00eancia consolidada. Elas n\u00e3o s\u00f3 contribuem para uma identidade visual moderna, como tamb\u00e9m oferecem uma s\u00e9rie de vantagens t\u00e9cnicas.<\/p>\n\n\n\n<p class=\"wp-block-paragraph\">A seguir, entenda por que o vidro laminado \u00e9 uma escolha inteligente para fachadas e conhe\u00e7a os diferenciais desse material vers\u00e1til e resistente.<\/p>\n\n\n\n<div id=\"ez-toc-container\" class=\"ez-toc-v2_0_65 counter-hierarchy ez-toc-counter ez-toc-grey ez-toc-container-direction\">\n<div class=\"ez-toc-title-container\">\n<p class=\"ez-toc-title \" >T&oacute;picos do artigo<\/p>\n<span class=\"ez-toc-title-toggle\"><a href=\"#\" class=\"ez-toc-pull-right ez-toc-btn ez-toc-btn-xs ez-toc-btn-default ez-toc-toggle\" aria-label=\"Toggle Table of Content\"><span class=\"ez-toc-js-icon-con\"><span class=\"\"><span class=\"eztoc-hide\" style=\"display:none;\">Toggle<\/span><span class=\"ez-toc-icon-toggle-span\"><svg style=\"fill: #999;color:#999\" xmlns=\"http:\/\/www.w3.org\/2000\/svg\" class=\"list-377408\" width=\"20px\" height=\"20px\" viewBox=\"0 0 24 24\" fill=\"none\"><path d=\"M6 6H4v2h2V6zm14 0H8v2h12V6zM4 11h2v2H4v-2zm16 0H8v2h12v-2zM4 16h2v2H4v-2zm16 0H8v2h12v-2z\" fill=\"currentColor\"><\/path><\/svg><svg style=\"fill: #999;color:#999\" class=\"arrow-unsorted-368013\" xmlns=\"http:\/\/www.w3.org\/2000\/svg\" width=\"10px\" height=\"10px\" viewBox=\"0 0 24 24\" version=\"1.2\" baseProfile=\"tiny\"><path d=\"M18.2 9.3l-6.2-6.3-6.2 6.3c-.2.2-.3.4-.3.7s.1.5.3.7c.2.2.4.3.7.3h11c.3 0 .5-.1.7-.3.2-.2.3-.5.3-.7s-.1-.5-.3-.7zM5.8 14.7l6.2 6.3 6.2-6.3c.2-.2.3-.5.3-.7s-.1-.5-.3-.7c-.2-.2-.4-.3-.7-.3h-11c-.3 0-.5.1-.7.3-.2.2-.3.5-.3.7s.1.5.3.7z\"\/><\/svg><\/span><\/span><\/span><\/a><\/span><\/div>\n<nav><ul class='ez-toc-list ez-toc-list-level-1 ' ><li class='ez-toc-page-1 ez-toc-heading-level-2'><a class=\"ez-toc-link ez-toc-heading-1\" href=\"https:\/\/stwillesquadrias.com.br\/blog\/fachadas\/fachada-de-vidro-laminado-beleza-e-seguranca-em-um-so-projeto\/#Por_que_o_vidro_laminado_e_tao_resistente\" title=\"Por que o vidro laminado \u00e9 t\u00e3o resistente?\">Por que o vidro laminado \u00e9 t\u00e3o resistente?<\/a><\/li><li class='ez-toc-page-1 ez-toc-heading-level-2'><a class=\"ez-toc-link ez-toc-heading-2\" href=\"https:\/\/stwillesquadrias.com.br\/blog\/fachadas\/fachada-de-vidro-laminado-beleza-e-seguranca-em-um-so-projeto\/#Vantagens_da_fachada_de_vidro_laminado\" title=\"Vantagens da fachada de vidro laminado\">Vantagens da fachada de vidro laminado<\/a><\/li><li class='ez-toc-page-1 ez-toc-heading-level-2'><a class=\"ez-toc-link ez-toc-heading-3\" href=\"https:\/\/stwillesquadrias.com.br\/blog\/fachadas\/fachada-de-vidro-laminado-beleza-e-seguranca-em-um-so-projeto\/#Fachada_de_vidro_residencial_mais_luz_mais_elegancia\" title=\"Fachada de vidro residencial: mais luz, mais eleg\u00e2ncia\">Fachada de vidro residencial: mais luz, mais eleg\u00e2ncia<\/a><\/li><li class='ez-toc-page-1 ez-toc-heading-level-2'><a class=\"ez-toc-link ez-toc-heading-4\" href=\"https:\/\/stwillesquadrias.com.br\/blog\/fachadas\/fachada-de-vidro-laminado-beleza-e-seguranca-em-um-so-projeto\/#Onde_a_fachada_de_vidro_laminado_se_destaca\" title=\"Onde a fachada de vidro laminado se destaca\">Onde a fachada de vidro laminado se destaca<\/a><\/li><li class='ez-toc-page-1 ez-toc-heading-level-2'><a class=\"ez-toc-link ez-toc-heading-5\" href=\"https:\/\/stwillesquadrias.com.br\/blog\/fachadas\/fachada-de-vidro-laminado-beleza-e-seguranca-em-um-so-projeto\/#Fachadas_comerciais_atracao_visual_e_seguranca\" title=\"Fachadas comerciais: atra\u00e7\u00e3o visual e seguran\u00e7a\">Fachadas comerciais: atra\u00e7\u00e3o visual e seguran\u00e7a<\/a><\/li><li class='ez-toc-page-1 ez-toc-heading-level-2'><a class=\"ez-toc-link ez-toc-heading-6\" href=\"https:\/\/stwillesquadrias.com.br\/blog\/fachadas\/fachada-de-vidro-laminado-beleza-e-seguranca-em-um-so-projeto\/#Fachadas_em_predios_estilo_e_funcionalidade_urbana\" title=\"Fachadas em pr\u00e9dios: estilo e funcionalidade urbana\">Fachadas em pr\u00e9dios: estilo e funcionalidade urbana<\/a><\/li><li class='ez-toc-page-1 ez-toc-heading-level-2'><a class=\"ez-toc-link ez-toc-heading-7\" href=\"https:\/\/stwillesquadrias.com.br\/blog\/fachadas\/fachada-de-vidro-laminado-beleza-e-seguranca-em-um-so-projeto\/#Principais_diferenciais_tecnicos_do_vidro_laminado\" title=\"Principais diferenciais t\u00e9cnicos do vidro laminado\">Principais diferenciais t\u00e9cnicos do vidro laminado<\/a><\/li><li class='ez-toc-page-1 ez-toc-heading-level-2'><a class=\"ez-toc-link ez-toc-heading-8\" href=\"https:\/\/stwillesquadrias.com.br\/blog\/fachadas\/fachada-de-vidro-laminado-beleza-e-seguranca-em-um-so-projeto\/#Stwill_Esquadrias_excelencia_em_fachadas_de_vidro_laminado\" title=\"Stwill Esquadrias: excel\u00eancia em fachadas de vidro laminado\">Stwill Esquadrias: excel\u00eancia em fachadas de vidro laminado<\/a><\/li><\/ul><\/nav><\/div>\n<h2 class=\"wp-block-heading\"><span class=\"ez-toc-section\" id=\"Por_que_o_vidro_laminado_e_tao_resistente\"><\/span><strong>Por que o vidro laminado \u00e9 t\u00e3o resistente?<\/strong><span class=\"ez-toc-section-end\"><\/span><\/h2>\n\n\n\n<p class=\"wp-block-paragraph\">O vidro laminado \u00e9<strong> composto por duas ou mais placas unidas por uma camada de PVB<\/strong> (polivinil butiral). Essa estrutura confere ao material uma resist\u00eancia que vai muito al\u00e9m do vidro comum.<\/p>\n\n\n\n<p class=\"wp-block-paragraph\">Em caso de quebra, os fragmentos permanecem presos \u00e0 pel\u00edcula interna, evitando acidentes e mantendo a seguran\u00e7a tempor\u00e1ria at\u00e9 a substitui\u00e7\u00e3o. Isso torna o vidro laminado ideal para fachadas em locais movimentados.<\/p>\n\n\n\n<p class=\"wp-block-paragraph\">Al\u00e9m disso, ele<strong> resiste bem a impactos, choques t\u00e9rmicos e varia\u00e7\u00f5es clim\u00e1ticas<\/strong>, o que o torna dur\u00e1vel mesmo em ambientes externos exigentes.<\/p>\n\n\n\n<ul class=\"wp-block-list\">\n<li><a href=\"https:\/\/stwillesquadrias.com.br\/blog\/fachadas\/fachada-de-vidro-temperado-o-segredo-para-projetos-elegantes-e-modernos\/\">Fachada de vidro temperado: o segredo para projetos elegantes e modernos<\/a><\/li>\n<\/ul>\n\n\n\n<h2 class=\"wp-block-heading\"><span class=\"ez-toc-section\" id=\"Vantagens_da_fachada_de_vidro_laminado\"><\/span><strong>Vantagens da fachada de vidro laminado<\/strong><span class=\"ez-toc-section-end\"><\/span><\/h2>\n\n\n\n<ul class=\"wp-block-list\">\n<li><strong>Seguran\u00e7a refor\u00e7ada:<\/strong> o vidro laminado \u00e9 formado por duas ou mais camadas unidas por um filme de PVB, que mant\u00e9m os estilha\u00e7os presos em caso de quebra. Isso garante maior seguran\u00e7a para moradores, clientes e colaboradores, especialmente em \u00e1reas de grande circula\u00e7\u00e3o;<br><br><\/li>\n\n\n\n<li><strong>Conforto ac\u00fastico:<\/strong> gra\u00e7as \u00e0 sua estrutura, esse tipo de vidro atua como isolante sonoro. Ele reduz significativamente a entrada de ru\u00eddos externos, proporcionando mais tranquilidade em ambientes internos, sejam eles residenciais ou comerciais;<br><br><\/li>\n\n\n\n<li><strong>Prote\u00e7\u00e3o contra raios UV:<\/strong> o vidro laminado bloqueia at\u00e9 99% dos raios ultravioletas. Isso preserva m\u00f3veis, cortinas, estofados e demais objetos da degrada\u00e7\u00e3o causada pela exposi\u00e7\u00e3o solar, prolongando sua vida \u00fatil;<br><br><\/li>\n\n\n\n<li><strong>Alta durabilidade:<\/strong> o material apresenta excelente resist\u00eancia a impactos, choques t\u00e9rmicos e varia\u00e7\u00f5es clim\u00e1ticas. Isso o torna uma op\u00e7\u00e3o duradoura mesmo em regi\u00f5es de clima inst\u00e1vel ou intenso;<br><br><\/li>\n\n\n\n<li><strong>Est\u00e9tica moderna e clean:<\/strong> as fachadas envidra\u00e7adas conferem um visual sofisticado, elegante e atual \u00e0s constru\u00e7\u00f5es. O vidro pode ser combinado com diferentes acabamentos e tonalidades para atender a diversos estilos arquitet\u00f4nicos.<\/li>\n<\/ul>\n\n\n\n<h2 class=\"wp-block-heading\"><span class=\"ez-toc-section\" id=\"Fachada_de_vidro_residencial_mais_luz_mais_elegancia\"><\/span><strong>Fachada de vidro residencial: mais luz, mais eleg\u00e2ncia<\/strong><span class=\"ez-toc-section-end\"><\/span><\/h2>\n\n\n\n<p class=\"wp-block-paragraph\">A fachada de vidro laminado em resid\u00eancias<strong> proporciona um visual contempor\u00e2neo e valoriza a ilumina\u00e7\u00e3o natura<\/strong>l. Isso cria espa\u00e7os mais amplos e agrad\u00e1veis, al\u00e9m de reduzir o uso de luz artificial durante o dia.<\/p>\n\n\n\n<p class=\"wp-block-paragraph\">Ela pode ser personalizada com pel\u00edculas que aumentam a privacidade ou com tonaliza\u00e7\u00f5es que controlam a incid\u00eancia solar. Tudo isso sem comprometer o design.<\/p>\n\n\n\n<p class=\"wp-block-paragraph\">O resultado \u00e9 uma casa com <strong>apar\u00eancia clean, moderna e funcional<\/strong> \u2014 com o b\u00f4nus da seguran\u00e7a refor\u00e7ada para toda a fam\u00edlia.<\/p>\n\n\n\n<ul class=\"wp-block-list\">\n<li><a href=\"https:\/\/stwillesquadrias.com.br\/blog\/pele-de-vidro\/onde-encontrar-empresas-especializadas-para-instalar-fachadas-em-pele-de-vidro\/\">Onde encontrar empresas especializadas para instalar fachadas em pele de vidro?<\/a><\/li>\n<\/ul>\n\n\n\n<h2 class=\"wp-block-heading\"><span class=\"ez-toc-section\" id=\"Onde_a_fachada_de_vidro_laminado_se_destaca\"><\/span><strong>Onde a fachada de vidro laminado se destaca<\/strong><span class=\"ez-toc-section-end\"><\/span><\/h2>\n\n\n\n<ul class=\"wp-block-list\">\n<li><strong>Resid\u00eancias modernas:<\/strong> ideal para projetos que valorizam a integra\u00e7\u00e3o entre interior e exterior, proporcionando luminosidade natural, conforto e sofistica\u00e7\u00e3o \u00e0 fachada de casas e sobrados;<br><br><\/li>\n\n\n\n<li><strong>Pr\u00e9dios residenciais e comerciais:<\/strong> oferece um visual imponente e contempor\u00e2neo, al\u00e9m de contribuir para o isolamento t\u00e9rmico e ac\u00fastico, aspectos essenciais em constru\u00e7\u00f5es de m\u00e9dio e grande porte;<br><br><\/li>\n\n\n\n<li><strong>Lojas e vitrines de alto padr\u00e3o:<\/strong> a transpar\u00eancia do vidro valoriza a exposi\u00e7\u00e3o de produtos, atrai a aten\u00e7\u00e3o de clientes e fortalece a identidade visual da marca. Al\u00e9m disso, garante seguran\u00e7a contra vandalismo;<br><br><\/li>\n\n\n\n<li><strong>Cl\u00ednicas, consult\u00f3rios e hospitais:<\/strong> transmite uma imagem de modernidade, limpeza e organiza\u00e7\u00e3o, ao mesmo tempo em que melhora o conforto t\u00e9rmico e ac\u00fastico dos ambientes;<br><br><\/li>\n\n\n\n<li><strong>Hot\u00e9is e pousadas:<\/strong> contribui para fachadas convidativas e impactantes, al\u00e9m de oferecer conforto aos h\u00f3spedes por meio da prote\u00e7\u00e3o solar e isolamento de ru\u00eddos externos.<\/li>\n<\/ul>\n\n\n\n<h2 class=\"wp-block-heading\"><span class=\"ez-toc-section\" id=\"Fachadas_comerciais_atracao_visual_e_seguranca\"><\/span><strong>Fachadas comerciais: atra\u00e7\u00e3o visual e seguran\u00e7a<\/strong><span class=\"ez-toc-section-end\"><\/span><\/h2>\n\n\n<div class=\"wp-block-image\">\n<figure class=\"alignright size-full is-resized\"><img loading=\"lazy\" decoding=\"async\" width=\"519\" height=\"343\" src=\"https:\/\/stwillesquadrias.com.br\/blog\/wp-content\/uploads\/2025\/09\/fachada-de-vidro.png\" alt=\"Fachada de vidro laminado: beleza e seguran\u00e7a em um s\u00f3 projeto\n\" class=\"wp-image-374\" style=\"width:275px;height:auto\" srcset=\"https:\/\/stwillesquadrias.com.br\/blog\/wp-content\/uploads\/2025\/09\/fachada-de-vidro.png 519w, https:\/\/stwillesquadrias.com.br\/blog\/wp-content\/uploads\/2025\/09\/fachada-de-vidro-300x198.png 300w, https:\/\/stwillesquadrias.com.br\/blog\/wp-content\/uploads\/2025\/09\/fachada-de-vidro-91x60.png 91w\" sizes=\"auto, (max-width: 519px) 100vw, 519px\" \/><\/figure>\n<\/div>\n\n\n<p class=\"wp-block-paragraph\">No com\u00e9rcio, a fachada de vidro \u00e9 mais do que est\u00e9tica: ela se torna parte da<strong> estrat\u00e9gia de venda<\/strong>. A transpar\u00eancia permite a exposi\u00e7\u00e3o de produtos, cria um ambiente convidativo e transmite uma imagem de modernidade.<\/p>\n\n\n\n<p class=\"wp-block-paragraph\">Al\u00e9m disso, o vidro laminado \u00e9 uma barreira f\u00edsica contra vandalismo e arrombamentos, oferecendo prote\u00e7\u00e3o sem comprometer o design.<\/p>\n\n\n\n<p class=\"wp-block-paragraph\">\u00c9 a solu\u00e7\u00e3o perfeita para quem quer aliar seguran\u00e7a \u00e0 experi\u00eancia do consumidor.<\/p>\n\n\n\n<ul class=\"wp-block-list\">\n<li><a href=\"https:\/\/stwillesquadrias.com.br\/blog\/esquadrias\/fabricante-de-esquadrias-como-escolher-o-melhor\/\">Fabricante de esquadrias: como escolher o melhor?<\/a><\/li>\n<\/ul>\n\n\n\n<h2 class=\"wp-block-heading\"><span class=\"ez-toc-section\" id=\"Fachadas_em_predios_estilo_e_funcionalidade_urbana\"><\/span><strong>Fachadas em pr\u00e9dios: estilo e funcionalidade urbana<\/strong><span class=\"ez-toc-section-end\"><\/span><\/h2>\n\n\n\n<p class=\"wp-block-paragraph\">A fachada de vidro laminado em pr\u00e9dios \u00e9 uma tend\u00eancia que<strong> valoriza a arquitetura urbana<\/strong>. Ela d\u00e1 leveza \u00e0 estrutura, amplia o uso da luz natural e ainda contribui para um visual elegante.<\/p>\n\n\n\n<p class=\"wp-block-paragraph\">O material pode ser curvo, jateado, colorido ou refletivo, permitindo liberdade criativa em projetos de alto padr\u00e3o. Al\u00e9m disso, ajuda a isolar o som externo e controlar a temperatura interna, elevando o conforto dos ocupantes.<\/p>\n\n\n\n<p class=\"wp-block-paragraph\">Pr\u00e9dios comerciais e residenciais se beneficiam dessa escolha, tanto pela apar\u00eancia quanto pela efici\u00eancia energ\u00e9tica.<\/p>\n\n\n\n<ul class=\"wp-block-list\">\n<li><a href=\"https:\/\/stwillesquadrias.com.br\/blog\/mezanino\/fabricante-de-mezanino-metalico-aposte-nas-solucoes-da-stwill-esquadrias\/\">Fabricante de mezanino met\u00e1lico: aposte nas solu\u00e7\u00f5es da Stwill Esquadrias<\/a><\/li>\n<\/ul>\n\n\n\n<h2 class=\"wp-block-heading\"><span class=\"ez-toc-section\" id=\"Principais_diferenciais_tecnicos_do_vidro_laminado\"><\/span><strong>Principais diferenciais t\u00e9cnicos do vidro laminado<\/strong><span class=\"ez-toc-section-end\"><\/span><\/h2>\n\n\n\n<ul class=\"wp-block-list\">\n<li><strong>Isolamento ac\u00fastico eficiente;<\/strong><strong><br><\/strong><\/li>\n\n\n\n<li><strong>Barreira contra raios UV;<\/strong><strong><br><\/strong><\/li>\n\n\n\n<li><strong>Resist\u00eancia a impactos e vandalismo;<\/strong><strong><br><\/strong><\/li>\n\n\n\n<li><strong>Longa vida \u00fatil em \u00e1reas externas;<\/strong><strong><br><\/strong><\/li>\n\n\n\n<li><strong>Compat\u00edvel com projetos sustent\u00e1veis.<\/strong><strong><br><\/strong><\/li>\n<\/ul>\n\n\n\n<h2 class=\"wp-block-heading\"><span class=\"ez-toc-section\" id=\"Stwill_Esquadrias_excelencia_em_fachadas_de_vidro_laminado\"><\/span><strong>Stwill Esquadrias: excel\u00eancia em fachadas de vidro laminado<\/strong><span class=\"ez-toc-section-end\"><\/span><\/h2>\n\n\n\n<p class=\"wp-block-paragraph\">Se voc\u00ea busca qualidade, personaliza\u00e7\u00e3o e seguran\u00e7a em projetos com vidro laminado, a <strong>Stwill Esquadrias<\/strong> \u00e9 a parceira ideal.<\/p>\n\n\n\n<p class=\"wp-block-paragraph\">Com ampla experi\u00eancia em serralheria e solu\u00e7\u00f5es sob medida, a Stwill atende tanto clientes residenciais quanto comerciais, sempre com foco na excel\u00eancia e satisfa\u00e7\u00e3o total.<\/p>\n\n\n\n<p class=\"wp-block-paragraph\">Cada fachada \u00e9 desenhada de acordo com as necessidades do projeto, garantindo o equil\u00edbrio entre est\u00e9tica, desempenho e seguran\u00e7a.<\/p>\n\n\n\n<p class=\"wp-block-paragraph\"><strong><a href=\"https:\/\/stwillesquadrias.com.br\/contato\">Entre em contato com a Stwill Esquadrias<\/a><\/strong> e descubra como uma fachada de vidro laminado pode transformar seu projeto. Solicite um or\u00e7amento personalizado agora mesmo.<\/p>\n","protected":false},"excerpt":{"rendered":"<p><span class=\"rt-reading-time\" style=\"display: block;\"><span class=\"rt-label rt-prefix\">Tempo de leitura<\/span> <span class=\"rt-time\">5<\/span> <span class=\"rt-label rt-postfix\">minutos<\/span><\/span> A fachada de vidro laminado une est\u00e9tica moderna \u00e0 seguran\u00e7a estrutural, sendo ideal para projetos residenciais e comerciais. Saiba mais! Projetos arquitet\u00f4nicos que aliam design sofisticado e seguran\u00e7a est\u00e3o cada vez mais em alta. Um dos elementos que mais tem &hellip; <\/p>\n","protected":false},"author":1,"featured_media":373,"comment_status":"open","ping_status":"open","sticky":false,"template":"","format":"standard","meta":{"footnotes":""},"categories":[75],"tags":[2846,2847,2854,2855,2838,2833,2830,2827,2853,2845,2648,2849,2851,2864,2861,2858,2857,2865,2859,2867,2860,2866,2862,2856,2863,2828,2834,2844,2647,2832,2839,2652,2835,2837,2836,2840,2852,2848,2841,2831,2842,2850,2825,2826,2843,2829],"class_list":["post-372","post","type-post","status-publish","format-standard","has-post-thumbnail","hentry","category-fachadas","tag-como-limpar-fachada-de-vidro-laminado","tag-e-seguro-usar-vidro-em-fachadas","tag-empresa-de-fachada-de-vidro-laminado","tag-fabricante-de-fachada-de-vidro-laminado","tag-fachada-anti-vandalismo","tag-fachada-com-design-moderno","tag-fachada-com-isolamento-acustico","tag-fachada-de-loja-em-vidro","tag-fachada-de-vidro-aumenta-valor-do-imovel","tag-fachada-de-vidro-bloqueia-raios-uv","tag-fachada-de-vidro-comercial","tag-fachada-de-vidro-e-resistente","tag-fachada-de-vidro-e-sustentavel","tag-fachada-de-vidro-laminado-em-itaquera","tag-fachada-de-vidro-laminado-em-promocao","tag-fachada-de-vidro-laminado-em-sao-paulo","tag-fachada-de-vidro-laminado-em-sp","tag-fachada-de-vidro-laminado-na-vila-formosa","tag-fachada-de-vidro-laminado-na-vila-matilde","tag-fachada-de-vidro-laminado-na-zona-leste","tag-fachada-de-vidro-laminado-no-carrao","tag-fachada-de-vidro-laminado-no-tatuape","tag-fachada-de-vidro-laminado-perto-de-mim","tag-fachada-de-vidro-laminado-preco","tag-fachada-de-vidro-laminado-proximo-a-mim","tag-fachada-de-vidro-moderna","tag-fachada-de-vidro-para-predio","tag-fachada-de-vidro-protege-contra-som","tag-fachada-de-vidro-residencial","tag-fachada-de-vidro-segura","tag-fachada-de-vidro-sp","tag-fachada-envidracada","tag-fachada-personalizada","tag-fachada-resistente-a-impacto","tag-fachadas-sob-medida","tag-o-que-e-fachada-de-vidro-laminado","tag-o-que-e-vidro-pvb","tag-onde-comprar-fachada-de-vidro-no-bras","tag-para-que-serve-o-vidro-laminado","tag-protecao-uv-vidro","tag-qual-a-vantagem-da-fachada-de-vidro","tag-qual-vidro-usar-em-fachada-de-loja","tag-vidro-laminado-no-bras","tag-vidro-laminado-no-pari","tag-vidro-laminado-ou-temperado-qual-e-melhor","tag-vidro-laminado-pvb","latest_post"],"yoast_head":"<!-- This site is optimized with the Yoast SEO plugin v22.7 - https:\/\/yoast.com\/wordpress\/plugins\/seo\/ -->\n<title>Fachada de vidro laminado: beleza e seguran\u00e7a em um s\u00f3 projeto - Stwill Esquadrias<\/title>\n<meta name=\"description\" content=\"A fachada de vidro laminado une est\u00e9tica moderna \u00e0 seguran\u00e7a estrutural, sendo ideal para projetos residenciais e comerciais. Saiba mais!\" \/>\n<meta name=\"robots\" content=\"index, follow, max-snippet:-1, max-image-preview:large, max-video-preview:-1\" \/>\n<link rel=\"canonical\" href=\"https:\/\/stwillesquadrias.com.br\/blog\/fachadas\/fachada-de-vidro-laminado-beleza-e-seguranca-em-um-so-projeto\/\" \/>\n<meta property=\"og:locale\" content=\"pt_BR\" \/>\n<meta property=\"og:type\" content=\"article\" \/>\n<meta property=\"og:title\" content=\"Fachada de vidro laminado: beleza e seguran\u00e7a em um s\u00f3 projeto - Stwill Esquadrias\" \/>\n<meta property=\"og:description\" content=\"A fachada de vidro laminado une est\u00e9tica moderna \u00e0 seguran\u00e7a estrutural, sendo ideal para projetos residenciais e comerciais. Saiba mais!\" \/>\n<meta property=\"og:url\" content=\"https:\/\/stwillesquadrias.com.br\/blog\/fachadas\/fachada-de-vidro-laminado-beleza-e-seguranca-em-um-so-projeto\/\" \/>\n<meta property=\"og:site_name\" content=\"Stwill Esquadrias\" \/>\n<meta property=\"article:published_time\" content=\"2025-09-05T14:28:31+00:00\" \/>\n<meta property=\"article:modified_time\" content=\"2025-09-05T14:31:21+00:00\" \/>\n<meta property=\"og:image\" content=\"https:\/\/stwillesquadrias.com.br\/blog\/wp-content\/uploads\/2025\/09\/fachada.png\" \/>\n\t<meta property=\"og:image:width\" content=\"523\" \/>\n\t<meta property=\"og:image:height\" content=\"351\" \/>\n\t<meta property=\"og:image:type\" content=\"image\/png\" \/>\n<meta name=\"author\" content=\"admin\" \/>\n<meta name=\"twitter:card\" content=\"summary_large_image\" \/>\n<meta name=\"twitter:label1\" content=\"Escrito por\" \/>\n\t<meta name=\"twitter:data1\" content=\"admin\" \/>\n\t<meta name=\"twitter:label2\" content=\"Est. tempo de leitura\" \/>\n\t<meta name=\"twitter:data2\" content=\"6 minutos\" \/>\n<script type=\"application\/ld+json\" class=\"yoast-schema-graph\">{\"@context\":\"https:\/\/schema.org\",\"@graph\":[{\"@type\":\"Article\",\"@id\":\"https:\/\/stwillesquadrias.com.br\/blog\/fachadas\/fachada-de-vidro-laminado-beleza-e-seguranca-em-um-so-projeto\/#article\",\"isPartOf\":{\"@id\":\"https:\/\/stwillesquadrias.com.br\/blog\/fachadas\/fachada-de-vidro-laminado-beleza-e-seguranca-em-um-so-projeto\/\"},\"author\":{\"name\":\"admin\",\"@id\":\"https:\/\/stwillesquadrias.com.br\/blog\/#\/schema\/person\/72c8103e469dcba699432aed5cae2399\"},\"headline\":\"Fachada de vidro laminado: beleza e seguran\u00e7a em um s\u00f3 projeto\",\"datePublished\":\"2025-09-05T14:28:31+00:00\",\"dateModified\":\"2025-09-05T14:31:21+00:00\",\"mainEntityOfPage\":{\"@id\":\"https:\/\/stwillesquadrias.com.br\/blog\/fachadas\/fachada-de-vidro-laminado-beleza-e-seguranca-em-um-so-projeto\/\"},\"wordCount\":1074,\"commentCount\":0,\"publisher\":{\"@id\":\"https:\/\/stwillesquadrias.com.br\/blog\/#organization\"},\"image\":{\"@id\":\"https:\/\/stwillesquadrias.com.br\/blog\/fachadas\/fachada-de-vidro-laminado-beleza-e-seguranca-em-um-so-projeto\/#primaryimage\"},\"thumbnailUrl\":\"https:\/\/stwillesquadrias.com.br\/blog\/wp-content\/uploads\/2025\/09\/fachada.png\",\"keywords\":[\"como limpar fachada de vidro laminado?\",\"\u00e9 seguro usar vidro em fachadas?\",\"empresa de fachada de vidro laminado\",\"fabricante de fachada de vidro laminado\",\"fachada anti vandalismo\",\"fachada com design moderno\",\"fachada com isolamento ac\u00fastico\",\"fachada de loja em vidro\",\"fachada de vidro aumenta valor do im\u00f3vel?\",\"fachada de vidro bloqueia raios UV?\",\"fachada de vidro comercial\",\"fachada de vidro \u00e9 resistente?\",\"fachada de vidro \u00e9 sustent\u00e1vel?\",\"fachada de vidro laminado em Itaquera\",\"fachada de vidro laminado em promo\u00e7\u00e3o\",\"fachada de vidro laminado em s\u00e3o paulo\",\"fachada de vidro laminado em sp\",\"fachada de vidro laminado na Vila Formosa\",\"fachada de vidro laminado na Vila Matilde\",\"fachada de vidro laminado na zona leste\",\"fachada de vidro laminado no Carr\u00e3o\",\"fachada de vidro laminado no Tatuap\u00e9\",\"fachada de vidro laminado perto de mim\",\"fachada de vidro laminado pre\u00e7o\",\"fachada de vidro laminado pr\u00f3ximo a mim\",\"fachada de vidro moderna\",\"fachada de vidro para pr\u00e9dio\",\"fachada de vidro protege contra som?\",\"fachada de vidro residencial\",\"fachada de vidro segura\",\"fachada de vidro SP\",\"fachada envidra\u00e7ada\",\"fachada personalizada\",\"fachada resistente a impacto\",\"fachadas sob medida\",\"o que \u00e9 fachada de vidro laminado?\",\"o que \u00e9 vidro PVB?\",\"onde comprar fachada de vidro no Br\u00e1s?\",\"para que serve o vidro laminado?\",\"prote\u00e7\u00e3o UV vidro\",\"qual a vantagem da fachada de vidro?\",\"qual vidro usar em fachada de loja?\",\"vidro laminado no Br\u00e1s\",\"vidro laminado no Pari\",\"vidro laminado ou temperado: qual \u00e9 melhor?\",\"vidro laminado PVB\"],\"articleSection\":[\"Fachadas\"],\"inLanguage\":\"pt-BR\",\"potentialAction\":[{\"@type\":\"CommentAction\",\"name\":\"Comment\",\"target\":[\"https:\/\/stwillesquadrias.com.br\/blog\/fachadas\/fachada-de-vidro-laminado-beleza-e-seguranca-em-um-so-projeto\/#respond\"]}]},{\"@type\":\"WebPage\",\"@id\":\"https:\/\/stwillesquadrias.com.br\/blog\/fachadas\/fachada-de-vidro-laminado-beleza-e-seguranca-em-um-so-projeto\/\",\"url\":\"https:\/\/stwillesquadrias.com.br\/blog\/fachadas\/fachada-de-vidro-laminado-beleza-e-seguranca-em-um-so-projeto\/\",\"name\":\"Fachada de vidro laminado: beleza e seguran\u00e7a em um s\u00f3 projeto - Stwill Esquadrias\",\"isPartOf\":{\"@id\":\"https:\/\/stwillesquadrias.com.br\/blog\/#website\"},\"primaryImageOfPage\":{\"@id\":\"https:\/\/stwillesquadrias.com.br\/blog\/fachadas\/fachada-de-vidro-laminado-beleza-e-seguranca-em-um-so-projeto\/#primaryimage\"},\"image\":{\"@id\":\"https:\/\/stwillesquadrias.com.br\/blog\/fachadas\/fachada-de-vidro-laminado-beleza-e-seguranca-em-um-so-projeto\/#primaryimage\"},\"thumbnailUrl\":\"https:\/\/stwillesquadrias.com.br\/blog\/wp-content\/uploads\/2025\/09\/fachada.png\",\"datePublished\":\"2025-09-05T14:28:31+00:00\",\"dateModified\":\"2025-09-05T14:31:21+00:00\",\"description\":\"A fachada de vidro laminado une est\u00e9tica moderna \u00e0 seguran\u00e7a estrutural, sendo ideal para projetos residenciais e comerciais. Saiba mais!\",\"breadcrumb\":{\"@id\":\"https:\/\/stwillesquadrias.com.br\/blog\/fachadas\/fachada-de-vidro-laminado-beleza-e-seguranca-em-um-so-projeto\/#breadcrumb\"},\"inLanguage\":\"pt-BR\",\"potentialAction\":[{\"@type\":\"ReadAction\",\"target\":[\"https:\/\/stwillesquadrias.com.br\/blog\/fachadas\/fachada-de-vidro-laminado-beleza-e-seguranca-em-um-so-projeto\/\"]}]},{\"@type\":\"ImageObject\",\"inLanguage\":\"pt-BR\",\"@id\":\"https:\/\/stwillesquadrias.com.br\/blog\/fachadas\/fachada-de-vidro-laminado-beleza-e-seguranca-em-um-so-projeto\/#primaryimage\",\"url\":\"https:\/\/stwillesquadrias.com.br\/blog\/wp-content\/uploads\/2025\/09\/fachada.png\",\"contentUrl\":\"https:\/\/stwillesquadrias.com.br\/blog\/wp-content\/uploads\/2025\/09\/fachada.png\",\"width\":523,\"height\":351,\"caption\":\"Fachada de vidro laminado: beleza e seguran\u00e7a em um s\u00f3 projeto\"},{\"@type\":\"BreadcrumbList\",\"@id\":\"https:\/\/stwillesquadrias.com.br\/blog\/fachadas\/fachada-de-vidro-laminado-beleza-e-seguranca-em-um-so-projeto\/#breadcrumb\",\"itemListElement\":[{\"@type\":\"ListItem\",\"position\":1,\"name\":\"In\u00edcio\",\"item\":\"https:\/\/stwillesquadrias.com.br\/blog\/\"},{\"@type\":\"ListItem\",\"position\":2,\"name\":\"Fachada de vidro laminado: beleza e seguran\u00e7a em um s\u00f3 projeto\"}]},{\"@type\":\"WebSite\",\"@id\":\"https:\/\/stwillesquadrias.com.br\/blog\/#website\",\"url\":\"https:\/\/stwillesquadrias.com.br\/blog\/\",\"name\":\"Stwill Esquadrias\",\"description\":\"Blog\",\"publisher\":{\"@id\":\"https:\/\/stwillesquadrias.com.br\/blog\/#organization\"},\"potentialAction\":[{\"@type\":\"SearchAction\",\"target\":{\"@type\":\"EntryPoint\",\"urlTemplate\":\"https:\/\/stwillesquadrias.com.br\/blog\/?s={search_term_string}\"},\"query-input\":\"required name=search_term_string\"}],\"inLanguage\":\"pt-BR\"},{\"@type\":\"Organization\",\"@id\":\"https:\/\/stwillesquadrias.com.br\/blog\/#organization\",\"name\":\"Stwill Esquadrias\",\"url\":\"https:\/\/stwillesquadrias.com.br\/blog\/\",\"logo\":{\"@type\":\"ImageObject\",\"inLanguage\":\"pt-BR\",\"@id\":\"https:\/\/stwillesquadrias.com.br\/blog\/#\/schema\/logo\/image\/\",\"url\":\"https:\/\/stwillesquadrias.com.br\/blog\/wp-content\/uploads\/2022\/04\/stwill-logo.png\",\"contentUrl\":\"https:\/\/stwillesquadrias.com.br\/blog\/wp-content\/uploads\/2022\/04\/stwill-logo.png\",\"width\":300,\"height\":108,\"caption\":\"Stwill Esquadrias\"},\"image\":{\"@id\":\"https:\/\/stwillesquadrias.com.br\/blog\/#\/schema\/logo\/image\/\"}},{\"@type\":\"Person\",\"@id\":\"https:\/\/stwillesquadrias.com.br\/blog\/#\/schema\/person\/72c8103e469dcba699432aed5cae2399\",\"name\":\"admin\",\"image\":{\"@type\":\"ImageObject\",\"inLanguage\":\"pt-BR\",\"@id\":\"https:\/\/stwillesquadrias.com.br\/blog\/#\/schema\/person\/image\/\",\"url\":\"https:\/\/secure.gravatar.com\/avatar\/e93b0e09c568d39fb51bb3bc837bb35875be86f2ef231a93496eb0b414707787?s=96&d=mm&r=g\",\"contentUrl\":\"https:\/\/secure.gravatar.com\/avatar\/e93b0e09c568d39fb51bb3bc837bb35875be86f2ef231a93496eb0b414707787?s=96&d=mm&r=g\",\"caption\":\"admin\"},\"sameAs\":[\"https:\/\/stwillesquadrias.com.br\/blog\"],\"url\":\"https:\/\/stwillesquadrias.com.br\/blog\/author\/admin\/\"}]}<\/script>\n<!-- \/ Yoast SEO plugin. -->","yoast_head_json":{"title":"Fachada de vidro laminado: beleza e seguran\u00e7a em um s\u00f3 projeto - Stwill Esquadrias","description":"A fachada de vidro laminado une est\u00e9tica moderna \u00e0 seguran\u00e7a estrutural, sendo ideal para projetos residenciais e comerciais. Saiba mais!","robots":{"index":"index","follow":"follow","max-snippet":"max-snippet:-1","max-image-preview":"max-image-preview:large","max-video-preview":"max-video-preview:-1"},"canonical":"https:\/\/stwillesquadrias.com.br\/blog\/fachadas\/fachada-de-vidro-laminado-beleza-e-seguranca-em-um-so-projeto\/","og_locale":"pt_BR","og_type":"article","og_title":"Fachada de vidro laminado: beleza e seguran\u00e7a em um s\u00f3 projeto - Stwill Esquadrias","og_description":"A fachada de vidro laminado une est\u00e9tica moderna \u00e0 seguran\u00e7a estrutural, sendo ideal para projetos residenciais e comerciais. Saiba mais!","og_url":"https:\/\/stwillesquadrias.com.br\/blog\/fachadas\/fachada-de-vidro-laminado-beleza-e-seguranca-em-um-so-projeto\/","og_site_name":"Stwill Esquadrias","article_published_time":"2025-09-05T14:28:31+00:00","article_modified_time":"2025-09-05T14:31:21+00:00","og_image":[{"width":523,"height":351,"url":"https:\/\/stwillesquadrias.com.br\/blog\/wp-content\/uploads\/2025\/09\/fachada.png","type":"image\/png"}],"author":"admin","twitter_card":"summary_large_image","twitter_misc":{"Escrito por":"admin","Est. tempo de leitura":"6 minutos"},"schema":{"@context":"https:\/\/schema.org","@graph":[{"@type":"Article","@id":"https:\/\/stwillesquadrias.com.br\/blog\/fachadas\/fachada-de-vidro-laminado-beleza-e-seguranca-em-um-so-projeto\/#article","isPartOf":{"@id":"https:\/\/stwillesquadrias.com.br\/blog\/fachadas\/fachada-de-vidro-laminado-beleza-e-seguranca-em-um-so-projeto\/"},"author":{"name":"admin","@id":"https:\/\/stwillesquadrias.com.br\/blog\/#\/schema\/person\/72c8103e469dcba699432aed5cae2399"},"headline":"Fachada de vidro laminado: beleza e seguran\u00e7a em um s\u00f3 projeto","datePublished":"2025-09-05T14:28:31+00:00","dateModified":"2025-09-05T14:31:21+00:00","mainEntityOfPage":{"@id":"https:\/\/stwillesquadrias.com.br\/blog\/fachadas\/fachada-de-vidro-laminado-beleza-e-seguranca-em-um-so-projeto\/"},"wordCount":1074,"commentCount":0,"publisher":{"@id":"https:\/\/stwillesquadrias.com.br\/blog\/#organization"},"image":{"@id":"https:\/\/stwillesquadrias.com.br\/blog\/fachadas\/fachada-de-vidro-laminado-beleza-e-seguranca-em-um-so-projeto\/#primaryimage"},"thumbnailUrl":"https:\/\/stwillesquadrias.com.br\/blog\/wp-content\/uploads\/2025\/09\/fachada.png","keywords":["como limpar fachada de vidro laminado?","\u00e9 seguro usar vidro em fachadas?","empresa de fachada de vidro laminado","fabricante de fachada de vidro laminado","fachada anti vandalismo","fachada com design moderno","fachada com isolamento ac\u00fastico","fachada de loja em vidro","fachada de vidro aumenta valor do im\u00f3vel?","fachada de vidro bloqueia raios UV?","fachada de vidro comercial","fachada de vidro \u00e9 resistente?","fachada de vidro \u00e9 sustent\u00e1vel?","fachada de vidro laminado em Itaquera","fachada de vidro laminado em promo\u00e7\u00e3o","fachada de vidro laminado em s\u00e3o paulo","fachada de vidro laminado em sp","fachada de vidro laminado na Vila Formosa","fachada de vidro laminado na Vila Matilde","fachada de vidro laminado na zona leste","fachada de vidro laminado no Carr\u00e3o","fachada de vidro laminado no Tatuap\u00e9","fachada de vidro laminado perto de mim","fachada de vidro laminado pre\u00e7o","fachada de vidro laminado pr\u00f3ximo a mim","fachada de vidro moderna","fachada de vidro para pr\u00e9dio","fachada de vidro protege contra som?","fachada de vidro residencial","fachada de vidro segura","fachada de vidro SP","fachada envidra\u00e7ada","fachada personalizada","fachada resistente a impacto","fachadas sob medida","o que \u00e9 fachada de vidro laminado?","o que \u00e9 vidro PVB?","onde comprar fachada de vidro no Br\u00e1s?","para que serve o vidro laminado?","prote\u00e7\u00e3o UV vidro","qual a vantagem da fachada de vidro?","qual vidro usar em fachada de loja?","vidro laminado no Br\u00e1s","vidro laminado no Pari","vidro laminado ou temperado: qual \u00e9 melhor?","vidro laminado PVB"],"articleSection":["Fachadas"],"inLanguage":"pt-BR","potentialAction":[{"@type":"CommentAction","name":"Comment","target":["https:\/\/stwillesquadrias.com.br\/blog\/fachadas\/fachada-de-vidro-laminado-beleza-e-seguranca-em-um-so-projeto\/#respond"]}]},{"@type":"WebPage","@id":"https:\/\/stwillesquadrias.com.br\/blog\/fachadas\/fachada-de-vidro-laminado-beleza-e-seguranca-em-um-so-projeto\/","url":"https:\/\/stwillesquadrias.com.br\/blog\/fachadas\/fachada-de-vidro-laminado-beleza-e-seguranca-em-um-so-projeto\/","name":"Fachada de vidro laminado: beleza e seguran\u00e7a em um s\u00f3 projeto - Stwill Esquadrias","isPartOf":{"@id":"https:\/\/stwillesquadrias.com.br\/blog\/#website"},"primaryImageOfPage":{"@id":"https:\/\/stwillesquadrias.com.br\/blog\/fachadas\/fachada-de-vidro-laminado-beleza-e-seguranca-em-um-so-projeto\/#primaryimage"},"image":{"@id":"https:\/\/stwillesquadrias.com.br\/blog\/fachadas\/fachada-de-vidro-laminado-beleza-e-seguranca-em-um-so-projeto\/#primaryimage"},"thumbnailUrl":"https:\/\/stwillesquadrias.com.br\/blog\/wp-content\/uploads\/2025\/09\/fachada.png","datePublished":"2025-09-05T14:28:31+00:00","dateModified":"2025-09-05T14:31:21+00:00","description":"A fachada de vidro laminado une est\u00e9tica moderna \u00e0 seguran\u00e7a estrutural, sendo ideal para projetos residenciais e comerciais. Saiba mais!","breadcrumb":{"@id":"https:\/\/stwillesquadrias.com.br\/blog\/fachadas\/fachada-de-vidro-laminado-beleza-e-seguranca-em-um-so-projeto\/#breadcrumb"},"inLanguage":"pt-BR","potentialAction":[{"@type":"ReadAction","target":["https:\/\/stwillesquadrias.com.br\/blog\/fachadas\/fachada-de-vidro-laminado-beleza-e-seguranca-em-um-so-projeto\/"]}]},{"@type":"ImageObject","inLanguage":"pt-BR","@id":"https:\/\/stwillesquadrias.com.br\/blog\/fachadas\/fachada-de-vidro-laminado-beleza-e-seguranca-em-um-so-projeto\/#primaryimage","url":"https:\/\/stwillesquadrias.com.br\/blog\/wp-content\/uploads\/2025\/09\/fachada.png","contentUrl":"https:\/\/stwillesquadrias.com.br\/blog\/wp-content\/uploads\/2025\/09\/fachada.png","width":523,"height":351,"caption":"Fachada de vidro laminado: beleza e seguran\u00e7a em um s\u00f3 projeto"},{"@type":"BreadcrumbList","@id":"https:\/\/stwillesquadrias.com.br\/blog\/fachadas\/fachada-de-vidro-laminado-beleza-e-seguranca-em-um-so-projeto\/#breadcrumb","itemListElement":[{"@type":"ListItem","position":1,"name":"In\u00edcio","item":"https:\/\/stwillesquadrias.com.br\/blog\/"},{"@type":"ListItem","position":2,"name":"Fachada de vidro laminado: beleza e seguran\u00e7a em um s\u00f3 projeto"}]},{"@type":"WebSite","@id":"https:\/\/stwillesquadrias.com.br\/blog\/#website","url":"https:\/\/stwillesquadrias.com.br\/blog\/","name":"Stwill Esquadrias","description":"Blog","publisher":{"@id":"https:\/\/stwillesquadrias.com.br\/blog\/#organization"},"potentialAction":[{"@type":"SearchAction","target":{"@type":"EntryPoint","urlTemplate":"https:\/\/stwillesquadrias.com.br\/blog\/?s={search_term_string}"},"query-input":"required name=search_term_string"}],"inLanguage":"pt-BR"},{"@type":"Organization","@id":"https:\/\/stwillesquadrias.com.br\/blog\/#organization","name":"Stwill Esquadrias","url":"https:\/\/stwillesquadrias.com.br\/blog\/","logo":{"@type":"ImageObject","inLanguage":"pt-BR","@id":"https:\/\/stwillesquadrias.com.br\/blog\/#\/schema\/logo\/image\/","url":"https:\/\/stwillesquadrias.com.br\/blog\/wp-content\/uploads\/2022\/04\/stwill-logo.png","contentUrl":"https:\/\/stwillesquadrias.com.br\/blog\/wp-content\/uploads\/2022\/04\/stwill-logo.png","width":300,"height":108,"caption":"Stwill Esquadrias"},"image":{"@id":"https:\/\/stwillesquadrias.com.br\/blog\/#\/schema\/logo\/image\/"}},{"@type":"Person","@id":"https:\/\/stwillesquadrias.com.br\/blog\/#\/schema\/person\/72c8103e469dcba699432aed5cae2399","name":"admin","image":{"@type":"ImageObject","inLanguage":"pt-BR","@id":"https:\/\/stwillesquadrias.com.br\/blog\/#\/schema\/person\/image\/","url":"https:\/\/secure.gravatar.com\/avatar\/e93b0e09c568d39fb51bb3bc837bb35875be86f2ef231a93496eb0b414707787?s=96&d=mm&r=g","contentUrl":"https:\/\/secure.gravatar.com\/avatar\/e93b0e09c568d39fb51bb3bc837bb35875be86f2ef231a93496eb0b414707787?s=96&d=mm&r=g","caption":"admin"},"sameAs":["https:\/\/stwillesquadrias.com.br\/blog"],"url":"https:\/\/stwillesquadrias.com.br\/blog\/author\/admin\/"}]}},"_links":{"self":[{"href":"https:\/\/stwillesquadrias.com.br\/blog\/wp-json\/wp\/v2\/posts\/372","targetHints":{"allow":["GET"]}}],"collection":[{"href":"https:\/\/stwillesquadrias.com.br\/blog\/wp-json\/wp\/v2\/posts"}],"about":[{"href":"https:\/\/stwillesquadrias.com.br\/blog\/wp-json\/wp\/v2\/types\/post"}],"author":[{"embeddable":true,"href":"https:\/\/stwillesquadrias.com.br\/blog\/wp-json\/wp\/v2\/users\/1"}],"replies":[{"embeddable":true,"href":"https:\/\/stwillesquadrias.com.br\/blog\/wp-json\/wp\/v2\/comments?post=372"}],"version-history":[{"count":1,"href":"https:\/\/stwillesquadrias.com.br\/blog\/wp-json\/wp\/v2\/posts\/372\/revisions"}],"predecessor-version":[{"id":375,"href":"https:\/\/stwillesquadrias.com.br\/blog\/wp-json\/wp\/v2\/posts\/372\/revisions\/375"}],"wp:featuredmedia":[{"embeddable":true,"href":"https:\/\/stwillesquadrias.com.br\/blog\/wp-json\/wp\/v2\/media\/373"}],"wp:attachment":[{"href":"https:\/\/stwillesquadrias.com.br\/blog\/wp-json\/wp\/v2\/media?parent=372"}],"wp:term":[{"taxonomy":"category","embeddable":true,"href":"https:\/\/stwillesquadrias.com.br\/blog\/wp-json\/wp\/v2\/categories?post=372"},{"taxonomy":"post_tag","embeddable":true,"href":"https:\/\/stwillesquadrias.com.br\/blog\/wp-json\/wp\/v2\/tags?post=372"}],"curies":[{"name":"wp","href":"https:\/\/api.w.org\/{rel}","templated":true}]}}