{"id":259,"date":"2024-10-15T14:58:41","date_gmt":"2024-10-15T14:58:41","guid":{"rendered":"https:\/\/stwillesquadrias.com.br\/blog\/?p=259"},"modified":"2024-10-15T14:58:43","modified_gmt":"2024-10-15T14:58:43","slug":"grade-de-protecao-de-ferro-tudo-o-que-voce-precisa-saber-antes-de-investir","status":"publish","type":"post","link":"https:\/\/stwillesquadrias.com.br\/blog\/grade-de-protecao\/grade-de-protecao-de-ferro-tudo-o-que-voce-precisa-saber-antes-de-investir\/","title":{"rendered":"Grade de prote\u00e7\u00e3o de ferro: tudo o que voc\u00ea precisa saber antes de investir"},"content":{"rendered":"<span class=\"rt-reading-time\" style=\"display: block;\"><span class=\"rt-label rt-prefix\">Tempo de leitura<\/span> <span class=\"rt-time\">5<\/span> <span class=\"rt-label rt-postfix\">minutos<\/span><\/span>\n<p class=\"has-medium-font-size wp-block-paragraph\"><strong><em>Descubra a import\u00e2ncia da grade de prote\u00e7\u00e3o de ferro para garantir a seguran\u00e7a e durabilidade de sua casa ou empreendimento.<\/em><\/strong><\/p>\n\n\n\n<p class=\"wp-block-paragraph\">As grades de prote\u00e7\u00e3o de ferro s\u00e3o um dos m\u00e9todos mais tradicionais e eficazes para garantir a seguran\u00e7a de casas, empresas e outros ambientes.&nbsp;<\/p>\n\n\n\n<p class=\"wp-block-paragraph\">Com sua estrutura robusta, elas desempenham um papel fundamental na prote\u00e7\u00e3o contra invas\u00f5es, ao mesmo tempo que oferecem eleg\u00e2ncia e durabilidade.<\/p>\n\n\n\n<p class=\"wp-block-paragraph\">Neste artigo, vamos explorar o que \u00e9 uma grade de prote\u00e7\u00e3o de ferro, quais s\u00e3o suas vantagens, onde elas podem ser aplicadas e por que s\u00e3o t\u00e3o importantes.&nbsp;<\/p>\n\n\n\n<p class=\"wp-block-paragraph\">Ao final, voc\u00ea tamb\u00e9m descobrir\u00e1 como a Stwill Esquadrias pode ser uma excelente op\u00e7\u00e3o para o seu investimento.<\/p>\n\n\n\n<ul class=\"wp-block-list\">\n<li><a href=\"https:\/\/stwillesquadrias.com.br\/blog\/porta-de-enrolar\/fabricante-de-porta-de-enrolar-para-deposito-conheca-a-stwill-esquadrias\/\">Fabricante de porta de enrolar para dep\u00f3sito: conhe\u00e7a a Stwill Esquadrias<\/a><\/li>\n<\/ul>\n\n\n\n<div id=\"ez-toc-container\" class=\"ez-toc-v2_0_65 counter-hierarchy ez-toc-counter ez-toc-grey ez-toc-container-direction\">\n<div class=\"ez-toc-title-container\">\n<p class=\"ez-toc-title \" >T&oacute;picos do artigo<\/p>\n<span class=\"ez-toc-title-toggle\"><a href=\"#\" class=\"ez-toc-pull-right ez-toc-btn ez-toc-btn-xs ez-toc-btn-default ez-toc-toggle\" aria-label=\"Toggle Table of Content\"><span class=\"ez-toc-js-icon-con\"><span class=\"\"><span class=\"eztoc-hide\" style=\"display:none;\">Toggle<\/span><span class=\"ez-toc-icon-toggle-span\"><svg style=\"fill: #999;color:#999\" xmlns=\"http:\/\/www.w3.org\/2000\/svg\" class=\"list-377408\" width=\"20px\" height=\"20px\" viewBox=\"0 0 24 24\" fill=\"none\"><path d=\"M6 6H4v2h2V6zm14 0H8v2h12V6zM4 11h2v2H4v-2zm16 0H8v2h12v-2zM4 16h2v2H4v-2zm16 0H8v2h12v-2z\" fill=\"currentColor\"><\/path><\/svg><svg style=\"fill: #999;color:#999\" class=\"arrow-unsorted-368013\" xmlns=\"http:\/\/www.w3.org\/2000\/svg\" width=\"10px\" height=\"10px\" viewBox=\"0 0 24 24\" version=\"1.2\" baseProfile=\"tiny\"><path d=\"M18.2 9.3l-6.2-6.3-6.2 6.3c-.2.2-.3.4-.3.7s.1.5.3.7c.2.2.4.3.7.3h11c.3 0 .5-.1.7-.3.2-.2.3-.5.3-.7s-.1-.5-.3-.7zM5.8 14.7l6.2 6.3 6.2-6.3c.2-.2.3-.5.3-.7s-.1-.5-.3-.7c-.2-.2-.4-.3-.7-.3h-11c-.3 0-.5.1-.7.3-.2.2-.3.5-.3.7s.1.5.3.7z\"\/><\/svg><\/span><\/span><\/span><\/a><\/span><\/div>\n<nav><ul class='ez-toc-list ez-toc-list-level-1 ' ><li class='ez-toc-page-1 ez-toc-heading-level-2'><a class=\"ez-toc-link ez-toc-heading-1\" href=\"https:\/\/stwillesquadrias.com.br\/blog\/grade-de-protecao\/grade-de-protecao-de-ferro-tudo-o-que-voce-precisa-saber-antes-de-investir\/#O_que_e_uma_grade_de_protecao_de_ferro\" title=\"O que \u00e9 uma grade de prote\u00e7\u00e3o de ferro?\">O que \u00e9 uma grade de prote\u00e7\u00e3o de ferro?<\/a><\/li><li class='ez-toc-page-1 ez-toc-heading-level-2'><a class=\"ez-toc-link ez-toc-heading-2\" href=\"https:\/\/stwillesquadrias.com.br\/blog\/grade-de-protecao\/grade-de-protecao-de-ferro-tudo-o-que-voce-precisa-saber-antes-de-investir\/#Vantagens_das_grades_de_protecao_de_ferro\" title=\"Vantagens das grades de prote\u00e7\u00e3o de ferro\">Vantagens das grades de prote\u00e7\u00e3o de ferro<\/a><\/li><li class='ez-toc-page-1 ez-toc-heading-level-2'><a class=\"ez-toc-link ez-toc-heading-3\" href=\"https:\/\/stwillesquadrias.com.br\/blog\/grade-de-protecao\/grade-de-protecao-de-ferro-tudo-o-que-voce-precisa-saber-antes-de-investir\/#Aplicacoes_das_grades_de_protecao_de_ferro\" title=\"Aplica\u00e7\u00f5es das grades de prote\u00e7\u00e3o de ferro\">Aplica\u00e7\u00f5es das grades de prote\u00e7\u00e3o de ferro<\/a><\/li><li class='ez-toc-page-1 ez-toc-heading-level-2'><a class=\"ez-toc-link ez-toc-heading-4\" href=\"https:\/\/stwillesquadrias.com.br\/blog\/grade-de-protecao\/grade-de-protecao-de-ferro-tudo-o-que-voce-precisa-saber-antes-de-investir\/#A_importancia_de_investir_em_grades_de_protecao_de_ferro\" title=\"A import\u00e2ncia de investir em grades de prote\u00e7\u00e3o de ferro\">A import\u00e2ncia de investir em grades de prote\u00e7\u00e3o de ferro<\/a><\/li><li class='ez-toc-page-1 ez-toc-heading-level-2'><a class=\"ez-toc-link ez-toc-heading-5\" href=\"https:\/\/stwillesquadrias.com.br\/blog\/grade-de-protecao\/grade-de-protecao-de-ferro-tudo-o-que-voce-precisa-saber-antes-de-investir\/#Conheca_a_grade_de_protecao_de_ferro_da_Stwill_Esquadrias\" title=\"Conhe\u00e7a a grade de prote\u00e7\u00e3o de ferro da Stwill Esquadrias\">Conhe\u00e7a a grade de prote\u00e7\u00e3o de ferro da Stwill Esquadrias<\/a><\/li><\/ul><\/nav><\/div>\n<h2 class=\"wp-block-heading\"><span class=\"ez-toc-section\" id=\"O_que_e_uma_grade_de_protecao_de_ferro\"><\/span><strong>O que \u00e9 uma grade de prote\u00e7\u00e3o de ferro?<\/strong><span class=\"ez-toc-section-end\"><\/span><\/h2>\n\n\n<div class=\"wp-block-image\">\n<figure class=\"alignright size-full is-resized\"><img loading=\"lazy\" decoding=\"async\" width=\"826\" height=\"551\" src=\"https:\/\/stwillesquadrias.com.br\/blog\/wp-content\/uploads\/2024\/10\/cerca-do-portao-da-prisao_417767-96-1.jpeg\" alt=\"\" class=\"wp-image-263\" style=\"width:247px;height:auto\" srcset=\"https:\/\/stwillesquadrias.com.br\/blog\/wp-content\/uploads\/2024\/10\/cerca-do-portao-da-prisao_417767-96-1.jpeg 826w, https:\/\/stwillesquadrias.com.br\/blog\/wp-content\/uploads\/2024\/10\/cerca-do-portao-da-prisao_417767-96-1-300x200.jpeg 300w, https:\/\/stwillesquadrias.com.br\/blog\/wp-content\/uploads\/2024\/10\/cerca-do-portao-da-prisao_417767-96-1-768x512.jpeg 768w, https:\/\/stwillesquadrias.com.br\/blog\/wp-content\/uploads\/2024\/10\/cerca-do-portao-da-prisao_417767-96-1-90x60.jpeg 90w, https:\/\/stwillesquadrias.com.br\/blog\/wp-content\/uploads\/2024\/10\/cerca-do-portao-da-prisao_417767-96-1-374x249.jpeg 374w\" sizes=\"auto, (max-width: 826px) 100vw, 826px\" \/><\/figure>\n<\/div>\n\n\n<p class=\"wp-block-paragraph\">Uma grade de prote\u00e7\u00e3o de ferro \u00e9 uma estrutura composta de barras met\u00e1licas, dispostas de forma a criar uma barreira f\u00edsica eficiente.&nbsp;<\/p>\n\n\n\n<p class=\"wp-block-paragraph\">Ela pode ser instalada em diversos locais, como janelas, portas, varandas e at\u00e9 mesmo ao redor de propriedades inteiras, como um muro ou cerca. As grades s\u00e3o projetadas para impedir o acesso indesejado, oferecendo uma barreira f\u00edsica s\u00f3lida, sem comprometer a visibilidade e ventila\u00e7\u00e3o do ambiente.<\/p>\n\n\n\n<p class=\"wp-block-paragraph\">O ferro \u00e9 amplamente utilizado na fabrica\u00e7\u00e3o dessas grades devido \u00e0 sua resist\u00eancia e durabilidade. Quando bem tratada com pintura adequada e manuten\u00e7\u00e3o peri\u00f3dica, a grade pode durar d\u00e9cadas, sendo um excelente investimento de longo prazo.<\/p>\n\n\n\n<ul class=\"wp-block-list\">\n<li><a href=\"https:\/\/stwillesquadrias.com.br\/blog\/escadas-de-ferro\/saiba-onde-adquirir-escada-caracol-de-ferro-em-sao-paulo\/\">Saiba onde adquirir escada caracol de ferro em S\u00e3o Paulo<\/a><\/li>\n<\/ul>\n\n\n\n<h2 class=\"wp-block-heading\"><span class=\"ez-toc-section\" id=\"Vantagens_das_grades_de_protecao_de_ferro\"><\/span><strong>Vantagens das grades de prote\u00e7\u00e3o de ferro<\/strong><span class=\"ez-toc-section-end\"><\/span><\/h2>\n\n\n\n<p class=\"wp-block-paragraph\">As grades de ferro oferecem uma s\u00e9rie de benef\u00edcios tanto em termos de seguran\u00e7a quanto de est\u00e9tica e funcionalidade. Aqui est\u00e3o algumas das principais vantagens:<\/p>\n\n\n\n<ul class=\"wp-block-list\">\n<li><strong>Alta resist\u00eancia e durabilidade: <\/strong>As grades de prote\u00e7\u00e3o de ferro, quando bem cuidadas, resistem \u00e0 corros\u00e3o e permanecem funcionais por muitos anos, sendo um dos melhores investimentos quando se trata de seguran\u00e7a de longo prazo;<br><br><\/li>\n\n\n\n<li><strong>\u00a0Versatilidade de design: <\/strong>Uma das caracter\u00edsticas mais atrativas das grades de ferro \u00e9 sua flexibilidade de design. Elas podem ser moldadas em diferentes estilos, desde os mais simples e funcionais at\u00e9 os mais ornamentados, combinando perfeitamente com a arquitetura do local;<br><br><\/li>\n\n\n\n<li><strong>Seguran\u00e7a efetiva: <\/strong>As grades de ferro s\u00e3o reconhecidas por sua capacidade de proteger eficazmente contra invas\u00f5es e roubos. Elas s\u00e3o dif\u00edceis de remover ou destruir, o que cria uma barreira f\u00edsica robusta e inibidora para intrusos;<br><br><\/li>\n\n\n\n<li><strong>Baixa manuten\u00e7\u00e3o: <\/strong>Diferentemente de outros materiais, as grades de ferro exigem pouca manuten\u00e7\u00e3o. Uma pintura de alta qualidade e tratamentos anticorrosivos s\u00e3o suficientes para garantir sua longevidade.<\/li>\n<\/ul>\n\n\n\n<h2 class=\"wp-block-heading\"><span class=\"ez-toc-section\" id=\"Aplicacoes_das_grades_de_protecao_de_ferro\"><\/span><strong>Aplica\u00e7\u00f5es das grades de prote\u00e7\u00e3o de ferro<\/strong><span class=\"ez-toc-section-end\"><\/span><\/h2>\n\n\n\n<p class=\"wp-block-paragraph\">As grades de ferro s\u00e3o altamente vers\u00e1teis e podem ser instaladas em diferentes locais, atendendo a uma variedade de prop\u00f3sitos. Entre as principais aplica\u00e7\u00f5es, destacam-se:<\/p>\n\n\n\n<ul class=\"wp-block-list\">\n<li><strong>Janelas e portas: <\/strong>As janelas s\u00e3o pontos vulner\u00e1veis em qualquer propriedade. A instala\u00e7\u00e3o de grades de ferro nas janelas ajuda a prevenir que intrusos forcem sua entrada;<br><br><\/li>\n\n\n\n<li><strong>Sacadas e varandas: <\/strong>Sacadas e varandas s\u00e3o \u00e1reas abertas que, sem a devida prote\u00e7\u00e3o, podem representar riscos tanto de acidentes quanto de invas\u00f5es. As grades de ferro ajudam a delimitar o espa\u00e7o, mantendo-o seguro sem prejudicar a vista ou a ventila\u00e7\u00e3o;<br><br><\/li>\n\n\n\n<li><strong>Cercas e muros: <\/strong>Muitas vezes utilizadas ao redor de terrenos ou propriedades inteiras, as grades de ferro formam cercas ou muros que proporcionam seguran\u00e7a e delimita\u00e7\u00e3o clara dos limites da propriedade.\u00a0<\/li>\n<\/ul>\n\n\n\n<h2 class=\"wp-block-heading\"><span class=\"ez-toc-section\" id=\"A_importancia_de_investir_em_grades_de_protecao_de_ferro\"><\/span><strong>A import\u00e2ncia de investir em grades de prote\u00e7\u00e3o de ferro<\/strong><span class=\"ez-toc-section-end\"><\/span><\/h2>\n\n\n\n<p class=\"wp-block-paragraph\">Investir em grades de prote\u00e7\u00e3o de ferro n\u00e3o \u00e9 apenas uma quest\u00e3o de seguran\u00e7a, mas tamb\u00e9m de <strong>valoriza\u00e7\u00e3o do im\u00f3vel.<\/strong> Um ambiente seguro atrai mais interessados, seja para alugar ou vender, e transmite a ideia de que a propriedade \u00e9 bem cuidada.<\/p>\n\n\n\n<p class=\"wp-block-paragraph\">Al\u00e9m disso, a escolha por grades de ferro em vez de outros materiais, como alum\u00ednio ou madeira, \u00e9 uma decis\u00e3o baseada em <strong>durabilidade<\/strong>.&nbsp;<\/p>\n\n\n\n<p class=\"wp-block-paragraph\">O ferro, quando tratado adequadamente, n\u00e3o s\u00f3 protege de intrusos, mas tamb\u00e9m resiste ao desgaste do tempo e das condi\u00e7\u00f5es clim\u00e1ticas, sem a necessidade de substitui\u00e7\u00e3o frequente.<\/p>\n\n\n\n<p class=\"wp-block-paragraph\">Outro fator importante \u00e9 a est\u00e9tica. Grades bem projetadas e alinhadas com o estilo arquitet\u00f4nico da constru\u00e7\u00e3o podem aumentar a <strong>atratividade visual<\/strong> da propriedade. As grades de ferro, al\u00e9m de seguras, podem ser integradas de forma harm\u00f4nica \u00e0 fachada, criando um equil\u00edbrio entre <strong>prote\u00e7\u00e3o e beleza<\/strong>.<\/p>\n\n\n\n<ul class=\"wp-block-list\">\n<li><a href=\"https:\/\/stwillesquadrias.com.br\/blog\/serralheria\/onde-contratar-servico-de-serralheria-em-sao-paulo-conheca-a-stwill-esquadrias\/\">Onde contratar servi\u00e7o de serralheria em S\u00e3o Paulo? Conhe\u00e7a a Stwill Esquadrias<\/a><\/li>\n<\/ul>\n\n\n\n<h2 class=\"wp-block-heading\"><span class=\"ez-toc-section\" id=\"Conheca_a_grade_de_protecao_de_ferro_da_Stwill_Esquadrias\"><\/span><strong>Conhe\u00e7a a grade de prote\u00e7\u00e3o de ferro da Stwill Esquadrias<\/strong><span class=\"ez-toc-section-end\"><\/span><\/h2>\n\n\n\n<p class=\"wp-block-paragraph\">Se voc\u00ea est\u00e1 pensando em investir em grades de prote\u00e7\u00e3o de ferro de alta qualidade, a Stwill Esquadrias \u00e9 uma excelente op\u00e7\u00e3o.<\/p>\n\n\n\n<p class=\"wp-block-paragraph\">A empresa oferece uma ampla variedade de modelos, desde os mais simples e funcionais at\u00e9 designs mais elaborados e sofisticados, todos feitos sob medida para atender \u00e0s suas necessidades espec\u00edficas.<\/p>\n\n\n\n<p class=\"wp-block-paragraph\">Com um compromisso de oferecer produtos de alta durabilidade, a Stwill utiliza ferro de excelente proced\u00eancia e garante que cada pe\u00e7a seja tratada contra corros\u00e3o e outros fatores que possam comprometer sua durabilidade.&nbsp;<\/p>\n\n\n\n<p class=\"wp-block-paragraph\">N\u00e3o deixe a seguran\u00e7a do seu im\u00f3vel para depois. <a href=\"https:\/\/stwillesquadrias.com.br\/contato\">Entre em contato<\/a> com a Stwill Esquadrias e descubra como as grades de prote\u00e7\u00e3o de ferro podem ser a solu\u00e7\u00e3o perfeita para proteger sua propriedade com estilo e efici\u00eancia.<\/p>\n","protected":false},"excerpt":{"rendered":"<p><span class=\"rt-reading-time\" style=\"display: block;\"><span class=\"rt-label rt-prefix\">Tempo de leitura<\/span> <span class=\"rt-time\">5<\/span> <span class=\"rt-label rt-postfix\">minutos<\/span><\/span> Descubra a import\u00e2ncia da grade de prote\u00e7\u00e3o de ferro para garantir a seguran\u00e7a e durabilidade de sua casa ou empreendimento. As grades de prote\u00e7\u00e3o de ferro s\u00e3o um dos m\u00e9todos mais tradicionais e eficazes para garantir a seguran\u00e7a de casas, &hellip; <\/p>\n","protected":false},"author":1,"featured_media":262,"comment_status":"open","ping_status":"open","sticky":false,"template":"","format":"standard","meta":{"footnotes":""},"categories":[1001],"tags":[2005,2018,2011,2008,2027,2014,2019,2022,2015,2013,2002,2024,2020,2028,2025,2030,2031,2026,2017,2029,2010,2003,2012,2009,2016,2021,2001,2004,2006,2023,2007],"class_list":["post-259","post","type-post","status-publish","format-standard","has-post-thumbnail","hentry","category-grade-de-protecao","tag-cercas-de-ferro","tag-comprar-grade-de-protecao-de-ferro","tag-design-de-grades-de-ferro","tag-durabilidade-ferro","tag-empresa-de-grade-de-protecao-de-ferro","tag-esquadrias-de-ferro","tag-fabrica-de-grade-de-protecao-de-ferro","tag-fabricante-de-grade-de-protecao-de-ferro","tag-ferro-anti-corrosivo","tag-grade-de-ferro-stwill","tag-grade-de-protecao-de-ferro","tag-grade-de-protecao-de-ferro-em-sao-paulo","tag-grade-de-protecao-de-ferro-em-sp","tag-grade-de-protecao-de-ferro-na-vila-madalena","tag-grade-de-protecao-de-ferro-na-vila-maria","tag-grade-de-protecao-de-ferro-na-vila-medeiros","tag-grade-de-protecao-de-ferro-na-zona-leste","tag-grade-de-protecao-de-ferro-perto-de-mim","tag-grade-de-protecao-de-ferro-preco","tag-grade-de-protecao-de-ferro-proximo-a-mim","tag-grades-de-ferro-para-janelas","tag-grades-para-portas","tag-grades-para-sacadas","tag-instalacao-de-grades-de-ferro","tag-loja-de-grade-de-protecao-de-ferro","tag-onde-encontrar-grade-de-protecao-de-ferro","tag-protecao-residencial","tag-seguranca-com-ferro","tag-seguranca-residencial","tag-servico-de-grade-de-protecao-de-ferro","tag-vantagens-das-grades-de-ferro","latest_post"],"yoast_head":"<!-- This site is optimized with the Yoast SEO plugin v22.7 - https:\/\/yoast.com\/wordpress\/plugins\/seo\/ -->\n<title>Grade de prote\u00e7\u00e3o de ferro: tudo o que voc\u00ea precisa saber antes de investir - Stwill Esquadrias<\/title>\n<meta name=\"description\" content=\"Descubra a import\u00e2ncia da grade de prote\u00e7\u00e3o de ferro para garantir a seguran\u00e7a e durabilidade de sua casa ou empreendimento.\" \/>\n<meta name=\"robots\" content=\"index, follow, max-snippet:-1, max-image-preview:large, max-video-preview:-1\" \/>\n<link rel=\"canonical\" href=\"https:\/\/stwillesquadrias.com.br\/blog\/grade-de-protecao\/grade-de-protecao-de-ferro-tudo-o-que-voce-precisa-saber-antes-de-investir\/\" \/>\n<meta property=\"og:locale\" content=\"pt_BR\" \/>\n<meta property=\"og:type\" content=\"article\" \/>\n<meta property=\"og:title\" content=\"Grade de prote\u00e7\u00e3o de ferro: tudo o que voc\u00ea precisa saber antes de investir - Stwill Esquadrias\" \/>\n<meta property=\"og:description\" content=\"Descubra a import\u00e2ncia da grade de prote\u00e7\u00e3o de ferro para garantir a seguran\u00e7a e durabilidade de sua casa ou empreendimento.\" \/>\n<meta property=\"og:url\" content=\"https:\/\/stwillesquadrias.com.br\/blog\/grade-de-protecao\/grade-de-protecao-de-ferro-tudo-o-que-voce-precisa-saber-antes-de-investir\/\" \/>\n<meta property=\"og:site_name\" content=\"Stwill Esquadrias\" \/>\n<meta property=\"article:published_time\" content=\"2024-10-15T14:58:41+00:00\" \/>\n<meta property=\"article:modified_time\" content=\"2024-10-15T14:58:43+00:00\" \/>\n<meta property=\"og:image\" content=\"https:\/\/stwillesquadrias.com.br\/blog\/wp-content\/uploads\/2024\/10\/textura-aspera-da-superficie-metalica_23-2148953924.jpeg\" \/>\n\t<meta property=\"og:image:width\" content=\"826\" \/>\n\t<meta property=\"og:image:height\" content=\"507\" \/>\n\t<meta property=\"og:image:type\" content=\"image\/jpeg\" \/>\n<meta name=\"author\" content=\"admin\" \/>\n<meta name=\"twitter:card\" content=\"summary_large_image\" \/>\n<meta name=\"twitter:label1\" content=\"Escrito por\" \/>\n\t<meta name=\"twitter:data1\" content=\"admin\" \/>\n\t<meta name=\"twitter:label2\" content=\"Est. tempo de leitura\" \/>\n\t<meta name=\"twitter:data2\" content=\"6 minutos\" \/>\n<script type=\"application\/ld+json\" class=\"yoast-schema-graph\">{\"@context\":\"https:\/\/schema.org\",\"@graph\":[{\"@type\":\"Article\",\"@id\":\"https:\/\/stwillesquadrias.com.br\/blog\/grade-de-protecao\/grade-de-protecao-de-ferro-tudo-o-que-voce-precisa-saber-antes-de-investir\/#article\",\"isPartOf\":{\"@id\":\"https:\/\/stwillesquadrias.com.br\/blog\/grade-de-protecao\/grade-de-protecao-de-ferro-tudo-o-que-voce-precisa-saber-antes-de-investir\/\"},\"author\":{\"name\":\"admin\",\"@id\":\"https:\/\/stwillesquadrias.com.br\/blog\/#\/schema\/person\/72c8103e469dcba699432aed5cae2399\"},\"headline\":\"Grade de prote\u00e7\u00e3o de ferro: tudo o que voc\u00ea precisa saber antes de investir\",\"datePublished\":\"2024-10-15T14:58:41+00:00\",\"dateModified\":\"2024-10-15T14:58:43+00:00\",\"mainEntityOfPage\":{\"@id\":\"https:\/\/stwillesquadrias.com.br\/blog\/grade-de-protecao\/grade-de-protecao-de-ferro-tudo-o-que-voce-precisa-saber-antes-de-investir\/\"},\"wordCount\":956,\"commentCount\":0,\"publisher\":{\"@id\":\"https:\/\/stwillesquadrias.com.br\/blog\/#organization\"},\"image\":{\"@id\":\"https:\/\/stwillesquadrias.com.br\/blog\/grade-de-protecao\/grade-de-protecao-de-ferro-tudo-o-que-voce-precisa-saber-antes-de-investir\/#primaryimage\"},\"thumbnailUrl\":\"https:\/\/stwillesquadrias.com.br\/blog\/wp-content\/uploads\/2024\/10\/textura-aspera-da-superficie-metalica_23-2148953924.jpeg\",\"keywords\":[\"cercas de ferro\",\"comprar grade de prote\u00e7\u00e3o de ferro\",\"design de grades de ferro\",\"durabilidade ferro\",\"empresa de grade de prote\u00e7\u00e3o de ferro\",\"esquadrias de ferro\",\"f\u00e1brica de grade de prote\u00e7\u00e3o de ferro\",\"fabricante de grade de prote\u00e7\u00e3o de ferro\",\"ferro anti-corrosivo\",\"grade de ferro Stwill\",\"grade de prote\u00e7\u00e3o de ferro\",\"grade de prote\u00e7\u00e3o de ferro em s\u00e3o paulo\",\"grade de prote\u00e7\u00e3o de ferro em sp\",\"grade de prote\u00e7\u00e3o de ferro na Vila Madalena\",\"grade de prote\u00e7\u00e3o de ferro na Vila Maria\",\"grade de prote\u00e7\u00e3o de ferro na Vila Medeiros\",\"grade de prote\u00e7\u00e3o de ferro na zona leste\",\"grade de prote\u00e7\u00e3o de ferro perto de mim\",\"grade de prote\u00e7\u00e3o de ferro pre\u00e7o\",\"grade de prote\u00e7\u00e3o de ferro pr\u00f3ximo a mim\",\"grades de ferro para janelas\",\"grades para portas\",\"grades para sacadas\",\"instala\u00e7\u00e3o de grades de ferro\",\"loja de grade de prote\u00e7\u00e3o de ferro\",\"onde encontrar grade de prote\u00e7\u00e3o de ferro\",\"prote\u00e7\u00e3o residencial\",\"seguran\u00e7a com ferro\",\"seguran\u00e7a residencial\",\"servi\u00e7o de grade de prote\u00e7\u00e3o de ferro\",\"vantagens das grades de ferro\"],\"articleSection\":[\"Grade de prote\u00e7\u00e3o\"],\"inLanguage\":\"pt-BR\",\"potentialAction\":[{\"@type\":\"CommentAction\",\"name\":\"Comment\",\"target\":[\"https:\/\/stwillesquadrias.com.br\/blog\/grade-de-protecao\/grade-de-protecao-de-ferro-tudo-o-que-voce-precisa-saber-antes-de-investir\/#respond\"]}]},{\"@type\":\"WebPage\",\"@id\":\"https:\/\/stwillesquadrias.com.br\/blog\/grade-de-protecao\/grade-de-protecao-de-ferro-tudo-o-que-voce-precisa-saber-antes-de-investir\/\",\"url\":\"https:\/\/stwillesquadrias.com.br\/blog\/grade-de-protecao\/grade-de-protecao-de-ferro-tudo-o-que-voce-precisa-saber-antes-de-investir\/\",\"name\":\"Grade de prote\u00e7\u00e3o de ferro: tudo o que voc\u00ea precisa saber antes de investir - Stwill Esquadrias\",\"isPartOf\":{\"@id\":\"https:\/\/stwillesquadrias.com.br\/blog\/#website\"},\"primaryImageOfPage\":{\"@id\":\"https:\/\/stwillesquadrias.com.br\/blog\/grade-de-protecao\/grade-de-protecao-de-ferro-tudo-o-que-voce-precisa-saber-antes-de-investir\/#primaryimage\"},\"image\":{\"@id\":\"https:\/\/stwillesquadrias.com.br\/blog\/grade-de-protecao\/grade-de-protecao-de-ferro-tudo-o-que-voce-precisa-saber-antes-de-investir\/#primaryimage\"},\"thumbnailUrl\":\"https:\/\/stwillesquadrias.com.br\/blog\/wp-content\/uploads\/2024\/10\/textura-aspera-da-superficie-metalica_23-2148953924.jpeg\",\"datePublished\":\"2024-10-15T14:58:41+00:00\",\"dateModified\":\"2024-10-15T14:58:43+00:00\",\"description\":\"Descubra a import\u00e2ncia da grade de prote\u00e7\u00e3o de ferro para garantir a seguran\u00e7a e durabilidade de sua casa ou empreendimento.\",\"breadcrumb\":{\"@id\":\"https:\/\/stwillesquadrias.com.br\/blog\/grade-de-protecao\/grade-de-protecao-de-ferro-tudo-o-que-voce-precisa-saber-antes-de-investir\/#breadcrumb\"},\"inLanguage\":\"pt-BR\",\"potentialAction\":[{\"@type\":\"ReadAction\",\"target\":[\"https:\/\/stwillesquadrias.com.br\/blog\/grade-de-protecao\/grade-de-protecao-de-ferro-tudo-o-que-voce-precisa-saber-antes-de-investir\/\"]}]},{\"@type\":\"ImageObject\",\"inLanguage\":\"pt-BR\",\"@id\":\"https:\/\/stwillesquadrias.com.br\/blog\/grade-de-protecao\/grade-de-protecao-de-ferro-tudo-o-que-voce-precisa-saber-antes-de-investir\/#primaryimage\",\"url\":\"https:\/\/stwillesquadrias.com.br\/blog\/wp-content\/uploads\/2024\/10\/textura-aspera-da-superficie-metalica_23-2148953924.jpeg\",\"contentUrl\":\"https:\/\/stwillesquadrias.com.br\/blog\/wp-content\/uploads\/2024\/10\/textura-aspera-da-superficie-metalica_23-2148953924.jpeg\",\"width\":826,\"height\":507,\"caption\":\"Grade de prote\u00e7\u00e3o de ferro: tudo o que voc\u00ea precisa saber antes de investir\"},{\"@type\":\"BreadcrumbList\",\"@id\":\"https:\/\/stwillesquadrias.com.br\/blog\/grade-de-protecao\/grade-de-protecao-de-ferro-tudo-o-que-voce-precisa-saber-antes-de-investir\/#breadcrumb\",\"itemListElement\":[{\"@type\":\"ListItem\",\"position\":1,\"name\":\"In\u00edcio\",\"item\":\"https:\/\/stwillesquadrias.com.br\/blog\/\"},{\"@type\":\"ListItem\",\"position\":2,\"name\":\"Grade de prote\u00e7\u00e3o de ferro: tudo o que voc\u00ea precisa saber antes de investir\"}]},{\"@type\":\"WebSite\",\"@id\":\"https:\/\/stwillesquadrias.com.br\/blog\/#website\",\"url\":\"https:\/\/stwillesquadrias.com.br\/blog\/\",\"name\":\"Stwill Esquadrias\",\"description\":\"Blog\",\"publisher\":{\"@id\":\"https:\/\/stwillesquadrias.com.br\/blog\/#organization\"},\"potentialAction\":[{\"@type\":\"SearchAction\",\"target\":{\"@type\":\"EntryPoint\",\"urlTemplate\":\"https:\/\/stwillesquadrias.com.br\/blog\/?s={search_term_string}\"},\"query-input\":\"required name=search_term_string\"}],\"inLanguage\":\"pt-BR\"},{\"@type\":\"Organization\",\"@id\":\"https:\/\/stwillesquadrias.com.br\/blog\/#organization\",\"name\":\"Stwill Esquadrias\",\"url\":\"https:\/\/stwillesquadrias.com.br\/blog\/\",\"logo\":{\"@type\":\"ImageObject\",\"inLanguage\":\"pt-BR\",\"@id\":\"https:\/\/stwillesquadrias.com.br\/blog\/#\/schema\/logo\/image\/\",\"url\":\"https:\/\/stwillesquadrias.com.br\/blog\/wp-content\/uploads\/2022\/04\/stwill-logo.png\",\"contentUrl\":\"https:\/\/stwillesquadrias.com.br\/blog\/wp-content\/uploads\/2022\/04\/stwill-logo.png\",\"width\":300,\"height\":108,\"caption\":\"Stwill Esquadrias\"},\"image\":{\"@id\":\"https:\/\/stwillesquadrias.com.br\/blog\/#\/schema\/logo\/image\/\"}},{\"@type\":\"Person\",\"@id\":\"https:\/\/stwillesquadrias.com.br\/blog\/#\/schema\/person\/72c8103e469dcba699432aed5cae2399\",\"name\":\"admin\",\"image\":{\"@type\":\"ImageObject\",\"inLanguage\":\"pt-BR\",\"@id\":\"https:\/\/stwillesquadrias.com.br\/blog\/#\/schema\/person\/image\/\",\"url\":\"https:\/\/secure.gravatar.com\/avatar\/e93b0e09c568d39fb51bb3bc837bb35875be86f2ef231a93496eb0b414707787?s=96&d=mm&r=g\",\"contentUrl\":\"https:\/\/secure.gravatar.com\/avatar\/e93b0e09c568d39fb51bb3bc837bb35875be86f2ef231a93496eb0b414707787?s=96&d=mm&r=g\",\"caption\":\"admin\"},\"sameAs\":[\"https:\/\/stwillesquadrias.com.br\/blog\"],\"url\":\"https:\/\/stwillesquadrias.com.br\/blog\/author\/admin\/\"}]}<\/script>\n<!-- \/ Yoast SEO plugin. -->","yoast_head_json":{"title":"Grade de prote\u00e7\u00e3o de ferro: tudo o que voc\u00ea precisa saber antes de investir - Stwill Esquadrias","description":"Descubra a import\u00e2ncia da grade de prote\u00e7\u00e3o de ferro para garantir a seguran\u00e7a e durabilidade de sua casa ou empreendimento.","robots":{"index":"index","follow":"follow","max-snippet":"max-snippet:-1","max-image-preview":"max-image-preview:large","max-video-preview":"max-video-preview:-1"},"canonical":"https:\/\/stwillesquadrias.com.br\/blog\/grade-de-protecao\/grade-de-protecao-de-ferro-tudo-o-que-voce-precisa-saber-antes-de-investir\/","og_locale":"pt_BR","og_type":"article","og_title":"Grade de prote\u00e7\u00e3o de ferro: tudo o que voc\u00ea precisa saber antes de investir - Stwill Esquadrias","og_description":"Descubra a import\u00e2ncia da grade de prote\u00e7\u00e3o de ferro para garantir a seguran\u00e7a e durabilidade de sua casa ou empreendimento.","og_url":"https:\/\/stwillesquadrias.com.br\/blog\/grade-de-protecao\/grade-de-protecao-de-ferro-tudo-o-que-voce-precisa-saber-antes-de-investir\/","og_site_name":"Stwill Esquadrias","article_published_time":"2024-10-15T14:58:41+00:00","article_modified_time":"2024-10-15T14:58:43+00:00","og_image":[{"width":826,"height":507,"url":"https:\/\/stwillesquadrias.com.br\/blog\/wp-content\/uploads\/2024\/10\/textura-aspera-da-superficie-metalica_23-2148953924.jpeg","type":"image\/jpeg"}],"author":"admin","twitter_card":"summary_large_image","twitter_misc":{"Escrito por":"admin","Est. tempo de leitura":"6 minutos"},"schema":{"@context":"https:\/\/schema.org","@graph":[{"@type":"Article","@id":"https:\/\/stwillesquadrias.com.br\/blog\/grade-de-protecao\/grade-de-protecao-de-ferro-tudo-o-que-voce-precisa-saber-antes-de-investir\/#article","isPartOf":{"@id":"https:\/\/stwillesquadrias.com.br\/blog\/grade-de-protecao\/grade-de-protecao-de-ferro-tudo-o-que-voce-precisa-saber-antes-de-investir\/"},"author":{"name":"admin","@id":"https:\/\/stwillesquadrias.com.br\/blog\/#\/schema\/person\/72c8103e469dcba699432aed5cae2399"},"headline":"Grade de prote\u00e7\u00e3o de ferro: tudo o que voc\u00ea precisa saber antes de investir","datePublished":"2024-10-15T14:58:41+00:00","dateModified":"2024-10-15T14:58:43+00:00","mainEntityOfPage":{"@id":"https:\/\/stwillesquadrias.com.br\/blog\/grade-de-protecao\/grade-de-protecao-de-ferro-tudo-o-que-voce-precisa-saber-antes-de-investir\/"},"wordCount":956,"commentCount":0,"publisher":{"@id":"https:\/\/stwillesquadrias.com.br\/blog\/#organization"},"image":{"@id":"https:\/\/stwillesquadrias.com.br\/blog\/grade-de-protecao\/grade-de-protecao-de-ferro-tudo-o-que-voce-precisa-saber-antes-de-investir\/#primaryimage"},"thumbnailUrl":"https:\/\/stwillesquadrias.com.br\/blog\/wp-content\/uploads\/2024\/10\/textura-aspera-da-superficie-metalica_23-2148953924.jpeg","keywords":["cercas de ferro","comprar grade de prote\u00e7\u00e3o de ferro","design de grades de ferro","durabilidade ferro","empresa de grade de prote\u00e7\u00e3o de ferro","esquadrias de ferro","f\u00e1brica de grade de prote\u00e7\u00e3o de ferro","fabricante de grade de prote\u00e7\u00e3o de ferro","ferro anti-corrosivo","grade de ferro Stwill","grade de prote\u00e7\u00e3o de ferro","grade de prote\u00e7\u00e3o de ferro em s\u00e3o paulo","grade de prote\u00e7\u00e3o de ferro em sp","grade de prote\u00e7\u00e3o de ferro na Vila Madalena","grade de prote\u00e7\u00e3o de ferro na Vila Maria","grade de prote\u00e7\u00e3o de ferro na Vila Medeiros","grade de prote\u00e7\u00e3o de ferro na zona leste","grade de prote\u00e7\u00e3o de ferro perto de mim","grade de prote\u00e7\u00e3o de ferro pre\u00e7o","grade de prote\u00e7\u00e3o de ferro pr\u00f3ximo a mim","grades de ferro para janelas","grades para portas","grades para sacadas","instala\u00e7\u00e3o de grades de ferro","loja de grade de prote\u00e7\u00e3o de ferro","onde encontrar grade de prote\u00e7\u00e3o de ferro","prote\u00e7\u00e3o residencial","seguran\u00e7a com ferro","seguran\u00e7a residencial","servi\u00e7o de grade de prote\u00e7\u00e3o de ferro","vantagens das grades de ferro"],"articleSection":["Grade de prote\u00e7\u00e3o"],"inLanguage":"pt-BR","potentialAction":[{"@type":"CommentAction","name":"Comment","target":["https:\/\/stwillesquadrias.com.br\/blog\/grade-de-protecao\/grade-de-protecao-de-ferro-tudo-o-que-voce-precisa-saber-antes-de-investir\/#respond"]}]},{"@type":"WebPage","@id":"https:\/\/stwillesquadrias.com.br\/blog\/grade-de-protecao\/grade-de-protecao-de-ferro-tudo-o-que-voce-precisa-saber-antes-de-investir\/","url":"https:\/\/stwillesquadrias.com.br\/blog\/grade-de-protecao\/grade-de-protecao-de-ferro-tudo-o-que-voce-precisa-saber-antes-de-investir\/","name":"Grade de prote\u00e7\u00e3o de ferro: tudo o que voc\u00ea precisa saber antes de investir - Stwill Esquadrias","isPartOf":{"@id":"https:\/\/stwillesquadrias.com.br\/blog\/#website"},"primaryImageOfPage":{"@id":"https:\/\/stwillesquadrias.com.br\/blog\/grade-de-protecao\/grade-de-protecao-de-ferro-tudo-o-que-voce-precisa-saber-antes-de-investir\/#primaryimage"},"image":{"@id":"https:\/\/stwillesquadrias.com.br\/blog\/grade-de-protecao\/grade-de-protecao-de-ferro-tudo-o-que-voce-precisa-saber-antes-de-investir\/#primaryimage"},"thumbnailUrl":"https:\/\/stwillesquadrias.com.br\/blog\/wp-content\/uploads\/2024\/10\/textura-aspera-da-superficie-metalica_23-2148953924.jpeg","datePublished":"2024-10-15T14:58:41+00:00","dateModified":"2024-10-15T14:58:43+00:00","description":"Descubra a import\u00e2ncia da grade de prote\u00e7\u00e3o de ferro para garantir a seguran\u00e7a e durabilidade de sua casa ou empreendimento.","breadcrumb":{"@id":"https:\/\/stwillesquadrias.com.br\/blog\/grade-de-protecao\/grade-de-protecao-de-ferro-tudo-o-que-voce-precisa-saber-antes-de-investir\/#breadcrumb"},"inLanguage":"pt-BR","potentialAction":[{"@type":"ReadAction","target":["https:\/\/stwillesquadrias.com.br\/blog\/grade-de-protecao\/grade-de-protecao-de-ferro-tudo-o-que-voce-precisa-saber-antes-de-investir\/"]}]},{"@type":"ImageObject","inLanguage":"pt-BR","@id":"https:\/\/stwillesquadrias.com.br\/blog\/grade-de-protecao\/grade-de-protecao-de-ferro-tudo-o-que-voce-precisa-saber-antes-de-investir\/#primaryimage","url":"https:\/\/stwillesquadrias.com.br\/blog\/wp-content\/uploads\/2024\/10\/textura-aspera-da-superficie-metalica_23-2148953924.jpeg","contentUrl":"https:\/\/stwillesquadrias.com.br\/blog\/wp-content\/uploads\/2024\/10\/textura-aspera-da-superficie-metalica_23-2148953924.jpeg","width":826,"height":507,"caption":"Grade de prote\u00e7\u00e3o de ferro: tudo o que voc\u00ea precisa saber antes de investir"},{"@type":"BreadcrumbList","@id":"https:\/\/stwillesquadrias.com.br\/blog\/grade-de-protecao\/grade-de-protecao-de-ferro-tudo-o-que-voce-precisa-saber-antes-de-investir\/#breadcrumb","itemListElement":[{"@type":"ListItem","position":1,"name":"In\u00edcio","item":"https:\/\/stwillesquadrias.com.br\/blog\/"},{"@type":"ListItem","position":2,"name":"Grade de prote\u00e7\u00e3o de ferro: tudo o que voc\u00ea precisa saber antes de investir"}]},{"@type":"WebSite","@id":"https:\/\/stwillesquadrias.com.br\/blog\/#website","url":"https:\/\/stwillesquadrias.com.br\/blog\/","name":"Stwill Esquadrias","description":"Blog","publisher":{"@id":"https:\/\/stwillesquadrias.com.br\/blog\/#organization"},"potentialAction":[{"@type":"SearchAction","target":{"@type":"EntryPoint","urlTemplate":"https:\/\/stwillesquadrias.com.br\/blog\/?s={search_term_string}"},"query-input":"required name=search_term_string"}],"inLanguage":"pt-BR"},{"@type":"Organization","@id":"https:\/\/stwillesquadrias.com.br\/blog\/#organization","name":"Stwill Esquadrias","url":"https:\/\/stwillesquadrias.com.br\/blog\/","logo":{"@type":"ImageObject","inLanguage":"pt-BR","@id":"https:\/\/stwillesquadrias.com.br\/blog\/#\/schema\/logo\/image\/","url":"https:\/\/stwillesquadrias.com.br\/blog\/wp-content\/uploads\/2022\/04\/stwill-logo.png","contentUrl":"https:\/\/stwillesquadrias.com.br\/blog\/wp-content\/uploads\/2022\/04\/stwill-logo.png","width":300,"height":108,"caption":"Stwill Esquadrias"},"image":{"@id":"https:\/\/stwillesquadrias.com.br\/blog\/#\/schema\/logo\/image\/"}},{"@type":"Person","@id":"https:\/\/stwillesquadrias.com.br\/blog\/#\/schema\/person\/72c8103e469dcba699432aed5cae2399","name":"admin","image":{"@type":"ImageObject","inLanguage":"pt-BR","@id":"https:\/\/stwillesquadrias.com.br\/blog\/#\/schema\/person\/image\/","url":"https:\/\/secure.gravatar.com\/avatar\/e93b0e09c568d39fb51bb3bc837bb35875be86f2ef231a93496eb0b414707787?s=96&d=mm&r=g","contentUrl":"https:\/\/secure.gravatar.com\/avatar\/e93b0e09c568d39fb51bb3bc837bb35875be86f2ef231a93496eb0b414707787?s=96&d=mm&r=g","caption":"admin"},"sameAs":["https:\/\/stwillesquadrias.com.br\/blog"],"url":"https:\/\/stwillesquadrias.com.br\/blog\/author\/admin\/"}]}},"_links":{"self":[{"href":"https:\/\/stwillesquadrias.com.br\/blog\/wp-json\/wp\/v2\/posts\/259","targetHints":{"allow":["GET"]}}],"collection":[{"href":"https:\/\/stwillesquadrias.com.br\/blog\/wp-json\/wp\/v2\/posts"}],"about":[{"href":"https:\/\/stwillesquadrias.com.br\/blog\/wp-json\/wp\/v2\/types\/post"}],"author":[{"embeddable":true,"href":"https:\/\/stwillesquadrias.com.br\/blog\/wp-json\/wp\/v2\/users\/1"}],"replies":[{"embeddable":true,"href":"https:\/\/stwillesquadrias.com.br\/blog\/wp-json\/wp\/v2\/comments?post=259"}],"version-history":[{"count":1,"href":"https:\/\/stwillesquadrias.com.br\/blog\/wp-json\/wp\/v2\/posts\/259\/revisions"}],"predecessor-version":[{"id":264,"href":"https:\/\/stwillesquadrias.com.br\/blog\/wp-json\/wp\/v2\/posts\/259\/revisions\/264"}],"wp:featuredmedia":[{"embeddable":true,"href":"https:\/\/stwillesquadrias.com.br\/blog\/wp-json\/wp\/v2\/media\/262"}],"wp:attachment":[{"href":"https:\/\/stwillesquadrias.com.br\/blog\/wp-json\/wp\/v2\/media?parent=259"}],"wp:term":[{"taxonomy":"category","embeddable":true,"href":"https:\/\/stwillesquadrias.com.br\/blog\/wp-json\/wp\/v2\/categories?post=259"},{"taxonomy":"post_tag","embeddable":true,"href":"https:\/\/stwillesquadrias.com.br\/blog\/wp-json\/wp\/v2\/tags?post=259"}],"curies":[{"name":"wp","href":"https:\/\/api.w.org\/{rel}","templated":true}]}}