{"id":201,"date":"2024-04-30T17:30:58","date_gmt":"2024-04-30T17:30:58","guid":{"rendered":"https:\/\/stwillesquadrias.com.br\/blog\/?p=201"},"modified":"2024-04-30T17:32:18","modified_gmt":"2024-04-30T17:32:18","slug":"gradil-de-escada-conheca-sua-importancia-e-suas-principais-vantagens","status":"publish","type":"post","link":"https:\/\/stwillesquadrias.com.br\/blog\/gradil\/gradil-de-escada-conheca-sua-importancia-e-suas-principais-vantagens\/","title":{"rendered":"Gradil de escada: conhe\u00e7a sua import\u00e2ncia e suas principais vantagens"},"content":{"rendered":"<span class=\"rt-reading-time\" style=\"display: block;\"><span class=\"rt-label rt-prefix\">Tempo de leitura<\/span> <span class=\"rt-time\">3<\/span> <span class=\"rt-label rt-postfix\">minutos<\/span><\/span>\n<p class=\"has-medium-font-size wp-block-paragraph\"><strong><em>Descubra a import\u00e2ncia e as vantagens de instalar gradil de escada em sua propriedade para maior seguran\u00e7a e est\u00e9tica.<\/em><\/strong><\/p>\n\n\n\n<p class=\"wp-block-paragraph\">Gradil de escada n\u00e3o \u00e9 apenas um componente estrutural em edifica\u00e7\u00f5es; ele \u00e9 uma pe\u00e7a chave que contribui tanto para a seguran\u00e7a quanto para a est\u00e9tica de ambientes internos e externos.<\/p>\n\n\n\n<p class=\"wp-block-paragraph\">Com uma variedade de materiais e designs dispon\u00edveis, os gradis de escada se adaptam a diversos estilos arquitet\u00f4nicos, oferecendo funcionalidade e charme a qualquer espa\u00e7o.<\/p>\n\n\n\n<p class=\"wp-block-paragraph\">Este artigo explora a import\u00e2ncia desses elementos e as vantagens de escolher o produto certo para seu projeto.<\/p>\n\n\n\n<p class=\"wp-block-paragraph\">Al\u00e9m disso, a escolha de um gradil de escada adequado pode transformar completamente a apar\u00eancia de um local, agregando valor e sofistica\u00e7\u00e3o.<\/p>\n\n\n\n<p class=\"wp-block-paragraph\">Portanto, \u00e9 crucial entender as caracter\u00edsticas e benef\u00edcios que esses componentes oferecem para fazer uma escolha informada que atenda tanto \u00e0s necessidades pr\u00e1ticas quanto \u00e0s est\u00e9ticas.<\/p>\n\n\n\n<ul class=\"wp-block-list\">\n<li><a href=\"https:\/\/stwillesquadrias.com.br\/blog\/serralheria\/serralheria-na-vila-matilde-conheca-os-servicos-da-stwill-esquadrias\/\">Serralheria na Vila Matilde: conhe\u00e7a os servi\u00e7os da Stwill Esquadrias<\/a><\/li>\n<\/ul>\n\n\n\n<div id=\"ez-toc-container\" class=\"ez-toc-v2_0_65 counter-hierarchy ez-toc-counter ez-toc-grey ez-toc-container-direction\">\n<div class=\"ez-toc-title-container\">\n<p class=\"ez-toc-title \" >T&oacute;picos do artigo<\/p>\n<span class=\"ez-toc-title-toggle\"><a href=\"#\" class=\"ez-toc-pull-right ez-toc-btn ez-toc-btn-xs ez-toc-btn-default ez-toc-toggle\" aria-label=\"Toggle Table of Content\"><span class=\"ez-toc-js-icon-con\"><span class=\"\"><span class=\"eztoc-hide\" style=\"display:none;\">Toggle<\/span><span class=\"ez-toc-icon-toggle-span\"><svg style=\"fill: #999;color:#999\" xmlns=\"http:\/\/www.w3.org\/2000\/svg\" class=\"list-377408\" width=\"20px\" height=\"20px\" viewBox=\"0 0 24 24\" fill=\"none\"><path d=\"M6 6H4v2h2V6zm14 0H8v2h12V6zM4 11h2v2H4v-2zm16 0H8v2h12v-2zM4 16h2v2H4v-2zm16 0H8v2h12v-2z\" fill=\"currentColor\"><\/path><\/svg><svg style=\"fill: #999;color:#999\" class=\"arrow-unsorted-368013\" xmlns=\"http:\/\/www.w3.org\/2000\/svg\" width=\"10px\" height=\"10px\" viewBox=\"0 0 24 24\" version=\"1.2\" baseProfile=\"tiny\"><path d=\"M18.2 9.3l-6.2-6.3-6.2 6.3c-.2.2-.3.4-.3.7s.1.5.3.7c.2.2.4.3.7.3h11c.3 0 .5-.1.7-.3.2-.2.3-.5.3-.7s-.1-.5-.3-.7zM5.8 14.7l6.2 6.3 6.2-6.3c.2-.2.3-.5.3-.7s-.1-.5-.3-.7c-.2-.2-.4-.3-.7-.3h-11c-.3 0-.5.1-.7.3-.2.2-.3.5-.3.7s.1.5.3.7z\"\/><\/svg><\/span><\/span><\/span><\/a><\/span><\/div>\n<nav><ul class='ez-toc-list ez-toc-list-level-1 ' ><li class='ez-toc-page-1 ez-toc-heading-level-2'><a class=\"ez-toc-link ez-toc-heading-1\" href=\"https:\/\/stwillesquadrias.com.br\/blog\/gradil\/gradil-de-escada-conheca-sua-importancia-e-suas-principais-vantagens\/#A_importancia_do_gradil_de_escada\" title=\"A import\u00e2ncia do gradil de escada\">A import\u00e2ncia do gradil de escada<\/a><\/li><li class='ez-toc-page-1 ez-toc-heading-level-2'><a class=\"ez-toc-link ez-toc-heading-2\" href=\"https:\/\/stwillesquadrias.com.br\/blog\/gradil\/gradil-de-escada-conheca-sua-importancia-e-suas-principais-vantagens\/#Quais_as_vantagens_do_gradil_de_escada\" title=\"Quais as vantagens do gradil de escada?\">Quais as vantagens do gradil de escada?<\/a><\/li><li class='ez-toc-page-1 ez-toc-heading-level-2'><a class=\"ez-toc-link ez-toc-heading-3\" href=\"https:\/\/stwillesquadrias.com.br\/blog\/gradil\/gradil-de-escada-conheca-sua-importancia-e-suas-principais-vantagens\/#Stwill_Esquadrias_a_principal_fabricante_de_gradil_em_Sao_Paulo\" title=\"Stwill Esquadrias: a principal fabricante de gradil em S\u00e3o Paulo\">Stwill Esquadrias: a principal fabricante de gradil em S\u00e3o Paulo<\/a><\/li><\/ul><\/nav><\/div>\n<h2 class=\"wp-block-heading\"><span class=\"ez-toc-section\" id=\"A_importancia_do_gradil_de_escada\"><\/span>A import\u00e2ncia do gradil de escada<span class=\"ez-toc-section-end\"><\/span><\/h2>\n\n\n\n<p class=\"wp-block-paragraph\">A principal fun\u00e7\u00e3o do gradil de escada \u00e9 garantir a seguran\u00e7a, prevenindo quedas e acidentes em \u00e1reas elevadas.<\/p>\n\n\n<div class=\"wp-block-image is-style-rounded\">\n<figure class=\"alignright is-resized\"><img loading=\"lazy\" decoding=\"async\" width=\"667\" height=\"1000\" src=\"https:\/\/stwillesquadrias.com.br\/blog\/wp-content\/uploads\/2024\/04\/2148106905.jpg\" alt=\"Gradil de escada: conhe\u00e7a sua import\u00e2ncia e suas principais vantagens\" class=\"wp-image-202\" style=\"width:158px;height:auto\" srcset=\"https:\/\/stwillesquadrias.com.br\/blog\/wp-content\/uploads\/2024\/04\/2148106905.jpg 667w, https:\/\/stwillesquadrias.com.br\/blog\/wp-content\/uploads\/2024\/04\/2148106905-200x300.jpg 200w, https:\/\/stwillesquadrias.com.br\/blog\/wp-content\/uploads\/2024\/04\/2148106905-40x60.jpg 40w\" sizes=\"auto, (max-width: 667px) 100vw, 667px\" \/><\/figure>\n<\/div>\n\n\n<p class=\"wp-block-paragraph\">Sua presen\u00e7a \u00e9 indispens\u00e1vel em ambientes que possuem escadas, mezaninos ou qualquer tipo de desn\u00edvel.<\/p>\n\n\n\n<p class=\"wp-block-paragraph\">Por isso, a instala\u00e7\u00e3o de um gradil robusto e de acordo com as normas de seguran\u00e7a \u00e9 fundamental em projetos residenciais, comerciais e industriais.<\/p>\n\n\n\n<p class=\"wp-block-paragraph\">Al\u00e9m da seguran\u00e7a, o gradil de escada desempenha um papel vital na defini\u00e7\u00e3o do estilo decorativo do ambiente.<\/p>\n\n\n\n<p class=\"wp-block-paragraph\">Com a possibilidade de customiza\u00e7\u00e3o em termos de materiais, cores e acabamentos, esses gradis oferecem uma grande flexibilidade de design, permitindo que arquitetos e designers criem espa\u00e7os \u00fanicos e alinhados com as expectativas dos clientes.<\/p>\n\n\n\n<h2 class=\"wp-block-heading\"><span class=\"ez-toc-section\" id=\"Quais_as_vantagens_do_gradil_de_escada\"><\/span>Quais as vantagens do gradil de escada?<span class=\"ez-toc-section-end\"><\/span><\/h2>\n\n\n\n<p class=\"wp-block-paragraph\">As vantagens de instalar um gradil de escada s\u00e3o muitas e variam desde a seguran\u00e7a at\u00e9 a est\u00e9tica.<\/p>\n\n\n\n<p class=\"wp-block-paragraph\">Aqui est\u00e3o as principais vantagens que destacam a import\u00e2ncia de escolher um gradil de escada de qualidade:<\/p>\n\n\n\n<ul class=\"wp-block-list\">\n<li><strong>Seguran\u00e7a:<\/strong> Previne quedas e acidentes.<\/li>\n\n\n\n<li><strong>Durabilidade:<\/strong> Materiais resistentes garantem longevidade.<\/li>\n\n\n\n<li><strong>Est\u00e9tica: <\/strong>Melhora a apar\u00eancia e valoriza o im\u00f3vel.<\/li>\n\n\n\n<li><strong>Versatilidade de design:<\/strong> Adapta-se a diversos estilos decorativos.<\/li>\n\n\n\n<li><strong>Conformidade com normas:<\/strong> Atende aos c\u00f3digos de constru\u00e7\u00e3o vigentes.<\/li>\n\n\n\n<li><strong>Facilidade de instala\u00e7\u00e3o e manuten\u00e7\u00e3o:<\/strong> Reduz custos e complica\u00e7\u00f5es.<\/li>\n<\/ul>\n\n\n\n<p class=\"wp-block-paragraph\">Estas vantagens destacam como a escolha do gradil de escada certo pode contribuir significativamente para a funcionalidade, seguran\u00e7a e est\u00e9tica de um espa\u00e7o, al\u00e9m de ser um investimento que traz retorno no longo prazo.<\/p>\n\n\n\n<ul class=\"wp-block-list\">\n<li><a href=\"https:\/\/stwillesquadrias.com.br\/blog\/grade-de-protecao\/descubra-onde-comprar-grade-de-protecao-para-quadras\/\">Descubra onde comprar grade de prote\u00e7\u00e3o para quadras<\/a><\/li>\n<\/ul>\n\n\n\n<h2 class=\"wp-block-heading\"><span class=\"ez-toc-section\" id=\"Stwill_Esquadrias_a_principal_fabricante_de_gradil_em_Sao_Paulo\"><\/span>Stwill Esquadrias: a principal fabricante de gradil em S\u00e3o Paulo<span class=\"ez-toc-section-end\"><\/span><\/h2>\n\n\n\n<p class=\"wp-block-paragraph\">Portanto, a escolha de um gradil de escada adequado \u00e9 crucial para qualquer projeto de constru\u00e7\u00e3o ou renova\u00e7\u00e3o.<\/p>\n\n\n\n<p class=\"wp-block-paragraph\">A <a href=\"https:\/\/stwillesquadrias.com.br\/home\">Stwill Esquadrias<\/a> se destaca como uma das melhores fabricantes desses produtos, n\u00e3o s\u00f3 pela qualidade superior dos materiais utilizados, mas tamb\u00e9m pelo conhecimento t\u00e9cnico de seus funcion\u00e1rios.<\/p>\n\n\n\n<p class=\"wp-block-paragraph\">Eles n\u00e3o apenas conhecem profundamente os produtos que fabricam, mas tamb\u00e9m s\u00e3o especialistas nas funcionalidades e na instala\u00e7\u00e3o adequada dos mesmos.<\/p>\n\n\n\n<p class=\"wp-block-paragraph\"><a href=\"https:\/\/api.whatsapp.com\/send?phone=551127844040\">Entre em contato<\/a> com a Stwill Esquadrias para garantir que seu projeto tenha os melhores gradis de escada, combinando seguran\u00e7a, beleza e funcionalidade.<\/p>\n\n\n\n<p class=\"wp-block-paragraph\">Explore nosso <a href=\"https:\/\/stwillesquadrias.com.br\/blog\/\">blog<\/a> para mais conte\u00fados que podem inspirar e informar seu pr\u00f3ximo projeto arquitet\u00f4nico.<\/p>\n","protected":false},"excerpt":{"rendered":"<p><span class=\"rt-reading-time\" style=\"display: block;\"><span class=\"rt-label rt-prefix\">Tempo de leitura<\/span> <span class=\"rt-time\">3<\/span> <span class=\"rt-label rt-postfix\">minutos<\/span><\/span> Descubra a import\u00e2ncia e as vantagens de instalar gradil de escada em sua propriedade para maior seguran\u00e7a e est\u00e9tica. Gradil de escada n\u00e3o \u00e9 apenas um componente estrutural em edifica\u00e7\u00f5es; ele \u00e9 uma pe\u00e7a chave que contribui tanto para a &hellip; <\/p>\n","protected":false},"author":1,"featured_media":203,"comment_status":"open","ping_status":"open","sticky":false,"template":"","format":"standard","meta":{"footnotes":""},"categories":[1549],"tags":[1552,417,1553,1562,457,1563,1564,465,1565,1554,425,1555,1556,433,1557,1558,441,1559,1560,449,1561,537,529,505,497,1590,1587,1595,585,577,545,489,553,1580,1578,1574,1572,1589,1586,1594,1592,1576,1581,1579,1575,1573,1591,1588,1596,1593,1577,1583,1571,1585,1582,1570,1584,1568,481,1569,1550,409,1551,1566,473,1567],"class_list":["post-201","post","type-post","status-publish","format-standard","has-post-thumbnail","hentry","category-gradil","tag-comprar-gradil","tag-comprar-gradil-de-escada","tag-comprar-gradil-para-escada","tag-distribuidor-de-gradil","tag-distribuidor-de-gradil-de-escada","tag-distribuidor-de-gradil-para-escada","tag-distribuidora-de-gradil","tag-distribuidora-de-gradil-de-escada","tag-distribuidora-de-gradil-para-escada","tag-empresa-de-gradil","tag-empresa-de-gradil-de-escada","tag-empresa-de-gradil-para-escada","tag-fabrica-de-gradil","tag-fabrica-de-gradil-de-escada","tag-fabrica-de-gradil-para-escada","tag-fabricante-de-gradil","tag-fabricante-de-gradil-de-escada","tag-fabricante-de-gradil-para-escada","tag-fornecedor-de-gradil","tag-fornecedor-de-gradil-de-escada","tag-fornecedor-de-gradil-para-escada","tag-gradil-de-escada-direto-da-fabrica","tag-gradil-de-escada-em-promocao","tag-gradil-de-escada-em-sao-paulo","tag-gradil-de-escada-em-sp","tag-gradil-de-escada-na-vila-madalena","tag-gradil-de-escada-na-vila-maria","tag-gradil-de-escada-na-vila-medeiros","tag-gradil-de-escada-na-zl","tag-gradil-de-escada-na-zona-leste","tag-gradil-de-escada-perto-de-mim","tag-gradil-de-escada-preco","tag-gradil-de-escada-proximo-a-mim","tag-gradil-direto-da-fabrica","tag-gradil-em-promocao","tag-gradil-em-sao-paulo","tag-gradil-em-sp","tag-gradil-na-vila-madalena","tag-gradil-na-vila-maria","tag-gradil-na-vila-medeiros","tag-gradil-na-zl","tag-gradil-na-zona-leste","tag-gradil-para-escada-direto-da-fabrica","tag-gradil-para-escada-em-promocao","tag-gradil-para-escada-em-sao-paulo","tag-gradil-para-escada-em-sp","tag-gradil-para-escada-na-vila-madalena","tag-gradil-para-escada-na-vila-maria","tag-gradil-para-escada-na-vila-medeiros","tag-gradil-para-escada-na-zl","tag-gradil-para-escada-na-zona-leste","tag-gradil-para-escada-perto-de-mim","tag-gradil-para-escada-preco","tag-gradil-para-escada-proximo-a-mim","tag-gradil-perto-de-mim","tag-gradil-preco","tag-gradil-proximo-a-mim","tag-loja-de-gradil","tag-loja-de-gradil-de-escada","tag-loja-de-gradil-para-escada","tag-onde-encontrar-gradil","tag-onde-encontrar-gradil-de-escada","tag-onde-encontrar-gradil-para-escada","tag-revendedor-de-gradil","tag-revendedor-de-gradil-de-escada","tag-revendedor-de-gradil-para-escada","latest_post"],"yoast_head":"<!-- This site is optimized with the Yoast SEO plugin v22.7 - https:\/\/yoast.com\/wordpress\/plugins\/seo\/ -->\n<title>Gradil de escada: conhe\u00e7a sua import\u00e2ncia e suas principais vantagens - Stwill Esquadrias<\/title>\n<meta name=\"description\" content=\"Descubra a import\u00e2ncia e as vantagens de instalar gradil de escada em sua propriedade para maior seguran\u00e7a e est\u00e9tica.\" \/>\n<meta name=\"robots\" content=\"index, follow, max-snippet:-1, max-image-preview:large, max-video-preview:-1\" \/>\n<link rel=\"canonical\" href=\"https:\/\/stwillesquadrias.com.br\/blog\/gradil\/gradil-de-escada-conheca-sua-importancia-e-suas-principais-vantagens\/\" \/>\n<meta property=\"og:locale\" content=\"pt_BR\" \/>\n<meta property=\"og:type\" content=\"article\" \/>\n<meta property=\"og:title\" content=\"Gradil de escada: conhe\u00e7a sua import\u00e2ncia e suas principais vantagens - Stwill Esquadrias\" \/>\n<meta property=\"og:description\" content=\"Descubra a import\u00e2ncia e as vantagens de instalar gradil de escada em sua propriedade para maior seguran\u00e7a e est\u00e9tica.\" \/>\n<meta property=\"og:url\" content=\"https:\/\/stwillesquadrias.com.br\/blog\/gradil\/gradil-de-escada-conheca-sua-importancia-e-suas-principais-vantagens\/\" \/>\n<meta property=\"og:site_name\" content=\"Stwill Esquadrias\" \/>\n<meta property=\"article:published_time\" content=\"2024-04-30T17:30:58+00:00\" \/>\n<meta property=\"article:modified_time\" content=\"2024-04-30T17:32:18+00:00\" \/>\n<meta property=\"og:image\" content=\"https:\/\/stwillesquadrias.com.br\/blog\/wp-content\/uploads\/2024\/04\/2149396187.jpg\" \/>\n\t<meta property=\"og:image:width\" content=\"1000\" \/>\n\t<meta property=\"og:image:height\" content=\"668\" \/>\n\t<meta property=\"og:image:type\" content=\"image\/jpeg\" \/>\n<meta name=\"author\" content=\"admin\" \/>\n<meta name=\"twitter:card\" content=\"summary_large_image\" \/>\n<meta name=\"twitter:label1\" content=\"Escrito por\" \/>\n\t<meta name=\"twitter:data1\" content=\"admin\" \/>\n\t<meta name=\"twitter:label2\" content=\"Est. tempo de leitura\" \/>\n\t<meta name=\"twitter:data2\" content=\"4 minutos\" \/>\n<script type=\"application\/ld+json\" class=\"yoast-schema-graph\">{\"@context\":\"https:\/\/schema.org\",\"@graph\":[{\"@type\":\"Article\",\"@id\":\"https:\/\/stwillesquadrias.com.br\/blog\/gradil\/gradil-de-escada-conheca-sua-importancia-e-suas-principais-vantagens\/#article\",\"isPartOf\":{\"@id\":\"https:\/\/stwillesquadrias.com.br\/blog\/gradil\/gradil-de-escada-conheca-sua-importancia-e-suas-principais-vantagens\/\"},\"author\":{\"name\":\"admin\",\"@id\":\"https:\/\/stwillesquadrias.com.br\/blog\/#\/schema\/person\/72c8103e469dcba699432aed5cae2399\"},\"headline\":\"Gradil de escada: conhe\u00e7a sua import\u00e2ncia e suas principais vantagens\",\"datePublished\":\"2024-04-30T17:30:58+00:00\",\"dateModified\":\"2024-04-30T17:32:18+00:00\",\"mainEntityOfPage\":{\"@id\":\"https:\/\/stwillesquadrias.com.br\/blog\/gradil\/gradil-de-escada-conheca-sua-importancia-e-suas-principais-vantagens\/\"},\"wordCount\":583,\"commentCount\":0,\"publisher\":{\"@id\":\"https:\/\/stwillesquadrias.com.br\/blog\/#organization\"},\"image\":{\"@id\":\"https:\/\/stwillesquadrias.com.br\/blog\/gradil\/gradil-de-escada-conheca-sua-importancia-e-suas-principais-vantagens\/#primaryimage\"},\"thumbnailUrl\":\"https:\/\/stwillesquadrias.com.br\/blog\/wp-content\/uploads\/2024\/04\/2149396187.jpg\",\"keywords\":[\"comprar gradil\",\"comprar gradil de escada\",\"comprar gradil para escada\",\"distribuidor de gradil\",\"distribuidor de gradil de escada\",\"distribuidor de gradil para escada\",\"distribuidora de gradil\",\"distribuidora de gradil de escada\",\"distribuidora de gradil para escada\",\"empresa de gradil\",\"empresa de gradil de escada\",\"empresa de gradil para escada\",\"f\u00e1brica de gradil\",\"f\u00e1brica de gradil de escada\",\"f\u00e1brica de gradil para escada\",\"fabricante de gradil\",\"fabricante de gradil de escada\",\"fabricante de gradil para escada\",\"fornecedor de gradil\",\"fornecedor de gradil de escada\",\"fornecedor de gradil para escada\",\"gradil de escada direto da fabrica\",\"gradil de escada em promo\u00e7\u00e3o\",\"gradil de escada em s\u00e3o paulo\",\"gradil de escada em sp\",\"gradil de escada na vila madalena\",\"gradil de escada na vila maria\",\"gradil de escada na vila medeiros\",\"gradil de escada na zl\",\"gradil de escada na zona leste\",\"gradil de escada perto de mim\",\"gradil de escada pre\u00e7o\",\"gradil de escada pr\u00f3ximo a mim\",\"gradil direto da fabrica\",\"gradil em promo\u00e7\u00e3o\",\"gradil em s\u00e3o paulo\",\"gradil em sp\",\"gradil na vila madalena\",\"gradil na vila maria\",\"gradil na vila medeiros\",\"gradil na zl\",\"gradil na zona leste\",\"gradil para escada direto da fabrica\",\"gradil para escada em promo\u00e7\u00e3o\",\"gradil para escada em s\u00e3o paulo\",\"gradil para escada em sp\",\"gradil para escada na vila madalena\",\"gradil para escada na vila maria\",\"gradil para escada na vila medeiros\",\"gradil para escada na zl\",\"gradil para escada na zona leste\",\"gradil para escada perto de mim\",\"gradil para escada pre\u00e7o\",\"gradil para escada pr\u00f3ximo a mim\",\"gradil perto de mim\",\"gradil pre\u00e7o\",\"gradil pr\u00f3ximo a mim\",\"loja de gradil\",\"loja de gradil de escada\",\"loja de gradil para escada\",\"onde encontrar gradil\",\"onde encontrar gradil de escada\",\"onde encontrar gradil para escada\",\"revendedor de gradil\",\"revendedor de gradil de escada\",\"revendedor de gradil para escada\"],\"articleSection\":[\"Gradil\"],\"inLanguage\":\"pt-BR\",\"potentialAction\":[{\"@type\":\"CommentAction\",\"name\":\"Comment\",\"target\":[\"https:\/\/stwillesquadrias.com.br\/blog\/gradil\/gradil-de-escada-conheca-sua-importancia-e-suas-principais-vantagens\/#respond\"]}]},{\"@type\":\"WebPage\",\"@id\":\"https:\/\/stwillesquadrias.com.br\/blog\/gradil\/gradil-de-escada-conheca-sua-importancia-e-suas-principais-vantagens\/\",\"url\":\"https:\/\/stwillesquadrias.com.br\/blog\/gradil\/gradil-de-escada-conheca-sua-importancia-e-suas-principais-vantagens\/\",\"name\":\"Gradil de escada: conhe\u00e7a sua import\u00e2ncia e suas principais vantagens - Stwill Esquadrias\",\"isPartOf\":{\"@id\":\"https:\/\/stwillesquadrias.com.br\/blog\/#website\"},\"primaryImageOfPage\":{\"@id\":\"https:\/\/stwillesquadrias.com.br\/blog\/gradil\/gradil-de-escada-conheca-sua-importancia-e-suas-principais-vantagens\/#primaryimage\"},\"image\":{\"@id\":\"https:\/\/stwillesquadrias.com.br\/blog\/gradil\/gradil-de-escada-conheca-sua-importancia-e-suas-principais-vantagens\/#primaryimage\"},\"thumbnailUrl\":\"https:\/\/stwillesquadrias.com.br\/blog\/wp-content\/uploads\/2024\/04\/2149396187.jpg\",\"datePublished\":\"2024-04-30T17:30:58+00:00\",\"dateModified\":\"2024-04-30T17:32:18+00:00\",\"description\":\"Descubra a import\u00e2ncia e as vantagens de instalar gradil de escada em sua propriedade para maior seguran\u00e7a e est\u00e9tica.\",\"breadcrumb\":{\"@id\":\"https:\/\/stwillesquadrias.com.br\/blog\/gradil\/gradil-de-escada-conheca-sua-importancia-e-suas-principais-vantagens\/#breadcrumb\"},\"inLanguage\":\"pt-BR\",\"potentialAction\":[{\"@type\":\"ReadAction\",\"target\":[\"https:\/\/stwillesquadrias.com.br\/blog\/gradil\/gradil-de-escada-conheca-sua-importancia-e-suas-principais-vantagens\/\"]}]},{\"@type\":\"ImageObject\",\"inLanguage\":\"pt-BR\",\"@id\":\"https:\/\/stwillesquadrias.com.br\/blog\/gradil\/gradil-de-escada-conheca-sua-importancia-e-suas-principais-vantagens\/#primaryimage\",\"url\":\"https:\/\/stwillesquadrias.com.br\/blog\/wp-content\/uploads\/2024\/04\/2149396187.jpg\",\"contentUrl\":\"https:\/\/stwillesquadrias.com.br\/blog\/wp-content\/uploads\/2024\/04\/2149396187.jpg\",\"width\":1000,\"height\":668,\"caption\":\"Gradil de escada: conhe\u00e7a sua import\u00e2ncia e suas principais vantagens\"},{\"@type\":\"BreadcrumbList\",\"@id\":\"https:\/\/stwillesquadrias.com.br\/blog\/gradil\/gradil-de-escada-conheca-sua-importancia-e-suas-principais-vantagens\/#breadcrumb\",\"itemListElement\":[{\"@type\":\"ListItem\",\"position\":1,\"name\":\"In\u00edcio\",\"item\":\"https:\/\/stwillesquadrias.com.br\/blog\/\"},{\"@type\":\"ListItem\",\"position\":2,\"name\":\"Gradil de escada: conhe\u00e7a sua import\u00e2ncia e suas principais vantagens\"}]},{\"@type\":\"WebSite\",\"@id\":\"https:\/\/stwillesquadrias.com.br\/blog\/#website\",\"url\":\"https:\/\/stwillesquadrias.com.br\/blog\/\",\"name\":\"Stwill Esquadrias\",\"description\":\"Blog\",\"publisher\":{\"@id\":\"https:\/\/stwillesquadrias.com.br\/blog\/#organization\"},\"potentialAction\":[{\"@type\":\"SearchAction\",\"target\":{\"@type\":\"EntryPoint\",\"urlTemplate\":\"https:\/\/stwillesquadrias.com.br\/blog\/?s={search_term_string}\"},\"query-input\":\"required name=search_term_string\"}],\"inLanguage\":\"pt-BR\"},{\"@type\":\"Organization\",\"@id\":\"https:\/\/stwillesquadrias.com.br\/blog\/#organization\",\"name\":\"Stwill Esquadrias\",\"url\":\"https:\/\/stwillesquadrias.com.br\/blog\/\",\"logo\":{\"@type\":\"ImageObject\",\"inLanguage\":\"pt-BR\",\"@id\":\"https:\/\/stwillesquadrias.com.br\/blog\/#\/schema\/logo\/image\/\",\"url\":\"https:\/\/stwillesquadrias.com.br\/blog\/wp-content\/uploads\/2022\/04\/stwill-logo.png\",\"contentUrl\":\"https:\/\/stwillesquadrias.com.br\/blog\/wp-content\/uploads\/2022\/04\/stwill-logo.png\",\"width\":300,\"height\":108,\"caption\":\"Stwill Esquadrias\"},\"image\":{\"@id\":\"https:\/\/stwillesquadrias.com.br\/blog\/#\/schema\/logo\/image\/\"}},{\"@type\":\"Person\",\"@id\":\"https:\/\/stwillesquadrias.com.br\/blog\/#\/schema\/person\/72c8103e469dcba699432aed5cae2399\",\"name\":\"admin\",\"image\":{\"@type\":\"ImageObject\",\"inLanguage\":\"pt-BR\",\"@id\":\"https:\/\/stwillesquadrias.com.br\/blog\/#\/schema\/person\/image\/\",\"url\":\"https:\/\/secure.gravatar.com\/avatar\/e93b0e09c568d39fb51bb3bc837bb35875be86f2ef231a93496eb0b414707787?s=96&d=mm&r=g\",\"contentUrl\":\"https:\/\/secure.gravatar.com\/avatar\/e93b0e09c568d39fb51bb3bc837bb35875be86f2ef231a93496eb0b414707787?s=96&d=mm&r=g\",\"caption\":\"admin\"},\"sameAs\":[\"https:\/\/stwillesquadrias.com.br\/blog\"],\"url\":\"https:\/\/stwillesquadrias.com.br\/blog\/author\/admin\/\"}]}<\/script>\n<!-- \/ Yoast SEO plugin. -->","yoast_head_json":{"title":"Gradil de escada: conhe\u00e7a sua import\u00e2ncia e suas principais vantagens - Stwill Esquadrias","description":"Descubra a import\u00e2ncia e as vantagens de instalar gradil de escada em sua propriedade para maior seguran\u00e7a e est\u00e9tica.","robots":{"index":"index","follow":"follow","max-snippet":"max-snippet:-1","max-image-preview":"max-image-preview:large","max-video-preview":"max-video-preview:-1"},"canonical":"https:\/\/stwillesquadrias.com.br\/blog\/gradil\/gradil-de-escada-conheca-sua-importancia-e-suas-principais-vantagens\/","og_locale":"pt_BR","og_type":"article","og_title":"Gradil de escada: conhe\u00e7a sua import\u00e2ncia e suas principais vantagens - Stwill Esquadrias","og_description":"Descubra a import\u00e2ncia e as vantagens de instalar gradil de escada em sua propriedade para maior seguran\u00e7a e est\u00e9tica.","og_url":"https:\/\/stwillesquadrias.com.br\/blog\/gradil\/gradil-de-escada-conheca-sua-importancia-e-suas-principais-vantagens\/","og_site_name":"Stwill Esquadrias","article_published_time":"2024-04-30T17:30:58+00:00","article_modified_time":"2024-04-30T17:32:18+00:00","og_image":[{"width":1000,"height":668,"url":"https:\/\/stwillesquadrias.com.br\/blog\/wp-content\/uploads\/2024\/04\/2149396187.jpg","type":"image\/jpeg"}],"author":"admin","twitter_card":"summary_large_image","twitter_misc":{"Escrito por":"admin","Est. tempo de leitura":"4 minutos"},"schema":{"@context":"https:\/\/schema.org","@graph":[{"@type":"Article","@id":"https:\/\/stwillesquadrias.com.br\/blog\/gradil\/gradil-de-escada-conheca-sua-importancia-e-suas-principais-vantagens\/#article","isPartOf":{"@id":"https:\/\/stwillesquadrias.com.br\/blog\/gradil\/gradil-de-escada-conheca-sua-importancia-e-suas-principais-vantagens\/"},"author":{"name":"admin","@id":"https:\/\/stwillesquadrias.com.br\/blog\/#\/schema\/person\/72c8103e469dcba699432aed5cae2399"},"headline":"Gradil de escada: conhe\u00e7a sua import\u00e2ncia e suas principais vantagens","datePublished":"2024-04-30T17:30:58+00:00","dateModified":"2024-04-30T17:32:18+00:00","mainEntityOfPage":{"@id":"https:\/\/stwillesquadrias.com.br\/blog\/gradil\/gradil-de-escada-conheca-sua-importancia-e-suas-principais-vantagens\/"},"wordCount":583,"commentCount":0,"publisher":{"@id":"https:\/\/stwillesquadrias.com.br\/blog\/#organization"},"image":{"@id":"https:\/\/stwillesquadrias.com.br\/blog\/gradil\/gradil-de-escada-conheca-sua-importancia-e-suas-principais-vantagens\/#primaryimage"},"thumbnailUrl":"https:\/\/stwillesquadrias.com.br\/blog\/wp-content\/uploads\/2024\/04\/2149396187.jpg","keywords":["comprar gradil","comprar gradil de escada","comprar gradil para escada","distribuidor de gradil","distribuidor de gradil de escada","distribuidor de gradil para escada","distribuidora de gradil","distribuidora de gradil de escada","distribuidora de gradil para escada","empresa de gradil","empresa de gradil de escada","empresa de gradil para escada","f\u00e1brica de gradil","f\u00e1brica de gradil de escada","f\u00e1brica de gradil para escada","fabricante de gradil","fabricante de gradil de escada","fabricante de gradil para escada","fornecedor de gradil","fornecedor de gradil de escada","fornecedor de gradil para escada","gradil de escada direto da fabrica","gradil de escada em promo\u00e7\u00e3o","gradil de escada em s\u00e3o paulo","gradil de escada em sp","gradil de escada na vila madalena","gradil de escada na vila maria","gradil de escada na vila medeiros","gradil de escada na zl","gradil de escada na zona leste","gradil de escada perto de mim","gradil de escada pre\u00e7o","gradil de escada pr\u00f3ximo a mim","gradil direto da fabrica","gradil em promo\u00e7\u00e3o","gradil em s\u00e3o paulo","gradil em sp","gradil na vila madalena","gradil na vila maria","gradil na vila medeiros","gradil na zl","gradil na zona leste","gradil para escada direto da fabrica","gradil para escada em promo\u00e7\u00e3o","gradil para escada em s\u00e3o paulo","gradil para escada em sp","gradil para escada na vila madalena","gradil para escada na vila maria","gradil para escada na vila medeiros","gradil para escada na zl","gradil para escada na zona leste","gradil para escada perto de mim","gradil para escada pre\u00e7o","gradil para escada pr\u00f3ximo a mim","gradil perto de mim","gradil pre\u00e7o","gradil pr\u00f3ximo a mim","loja de gradil","loja de gradil de escada","loja de gradil para escada","onde encontrar gradil","onde encontrar gradil de escada","onde encontrar gradil para escada","revendedor de gradil","revendedor de gradil de escada","revendedor de gradil para escada"],"articleSection":["Gradil"],"inLanguage":"pt-BR","potentialAction":[{"@type":"CommentAction","name":"Comment","target":["https:\/\/stwillesquadrias.com.br\/blog\/gradil\/gradil-de-escada-conheca-sua-importancia-e-suas-principais-vantagens\/#respond"]}]},{"@type":"WebPage","@id":"https:\/\/stwillesquadrias.com.br\/blog\/gradil\/gradil-de-escada-conheca-sua-importancia-e-suas-principais-vantagens\/","url":"https:\/\/stwillesquadrias.com.br\/blog\/gradil\/gradil-de-escada-conheca-sua-importancia-e-suas-principais-vantagens\/","name":"Gradil de escada: conhe\u00e7a sua import\u00e2ncia e suas principais vantagens - Stwill Esquadrias","isPartOf":{"@id":"https:\/\/stwillesquadrias.com.br\/blog\/#website"},"primaryImageOfPage":{"@id":"https:\/\/stwillesquadrias.com.br\/blog\/gradil\/gradil-de-escada-conheca-sua-importancia-e-suas-principais-vantagens\/#primaryimage"},"image":{"@id":"https:\/\/stwillesquadrias.com.br\/blog\/gradil\/gradil-de-escada-conheca-sua-importancia-e-suas-principais-vantagens\/#primaryimage"},"thumbnailUrl":"https:\/\/stwillesquadrias.com.br\/blog\/wp-content\/uploads\/2024\/04\/2149396187.jpg","datePublished":"2024-04-30T17:30:58+00:00","dateModified":"2024-04-30T17:32:18+00:00","description":"Descubra a import\u00e2ncia e as vantagens de instalar gradil de escada em sua propriedade para maior seguran\u00e7a e est\u00e9tica.","breadcrumb":{"@id":"https:\/\/stwillesquadrias.com.br\/blog\/gradil\/gradil-de-escada-conheca-sua-importancia-e-suas-principais-vantagens\/#breadcrumb"},"inLanguage":"pt-BR","potentialAction":[{"@type":"ReadAction","target":["https:\/\/stwillesquadrias.com.br\/blog\/gradil\/gradil-de-escada-conheca-sua-importancia-e-suas-principais-vantagens\/"]}]},{"@type":"ImageObject","inLanguage":"pt-BR","@id":"https:\/\/stwillesquadrias.com.br\/blog\/gradil\/gradil-de-escada-conheca-sua-importancia-e-suas-principais-vantagens\/#primaryimage","url":"https:\/\/stwillesquadrias.com.br\/blog\/wp-content\/uploads\/2024\/04\/2149396187.jpg","contentUrl":"https:\/\/stwillesquadrias.com.br\/blog\/wp-content\/uploads\/2024\/04\/2149396187.jpg","width":1000,"height":668,"caption":"Gradil de escada: conhe\u00e7a sua import\u00e2ncia e suas principais vantagens"},{"@type":"BreadcrumbList","@id":"https:\/\/stwillesquadrias.com.br\/blog\/gradil\/gradil-de-escada-conheca-sua-importancia-e-suas-principais-vantagens\/#breadcrumb","itemListElement":[{"@type":"ListItem","position":1,"name":"In\u00edcio","item":"https:\/\/stwillesquadrias.com.br\/blog\/"},{"@type":"ListItem","position":2,"name":"Gradil de escada: conhe\u00e7a sua import\u00e2ncia e suas principais vantagens"}]},{"@type":"WebSite","@id":"https:\/\/stwillesquadrias.com.br\/blog\/#website","url":"https:\/\/stwillesquadrias.com.br\/blog\/","name":"Stwill Esquadrias","description":"Blog","publisher":{"@id":"https:\/\/stwillesquadrias.com.br\/blog\/#organization"},"potentialAction":[{"@type":"SearchAction","target":{"@type":"EntryPoint","urlTemplate":"https:\/\/stwillesquadrias.com.br\/blog\/?s={search_term_string}"},"query-input":"required name=search_term_string"}],"inLanguage":"pt-BR"},{"@type":"Organization","@id":"https:\/\/stwillesquadrias.com.br\/blog\/#organization","name":"Stwill Esquadrias","url":"https:\/\/stwillesquadrias.com.br\/blog\/","logo":{"@type":"ImageObject","inLanguage":"pt-BR","@id":"https:\/\/stwillesquadrias.com.br\/blog\/#\/schema\/logo\/image\/","url":"https:\/\/stwillesquadrias.com.br\/blog\/wp-content\/uploads\/2022\/04\/stwill-logo.png","contentUrl":"https:\/\/stwillesquadrias.com.br\/blog\/wp-content\/uploads\/2022\/04\/stwill-logo.png","width":300,"height":108,"caption":"Stwill Esquadrias"},"image":{"@id":"https:\/\/stwillesquadrias.com.br\/blog\/#\/schema\/logo\/image\/"}},{"@type":"Person","@id":"https:\/\/stwillesquadrias.com.br\/blog\/#\/schema\/person\/72c8103e469dcba699432aed5cae2399","name":"admin","image":{"@type":"ImageObject","inLanguage":"pt-BR","@id":"https:\/\/stwillesquadrias.com.br\/blog\/#\/schema\/person\/image\/","url":"https:\/\/secure.gravatar.com\/avatar\/e93b0e09c568d39fb51bb3bc837bb35875be86f2ef231a93496eb0b414707787?s=96&d=mm&r=g","contentUrl":"https:\/\/secure.gravatar.com\/avatar\/e93b0e09c568d39fb51bb3bc837bb35875be86f2ef231a93496eb0b414707787?s=96&d=mm&r=g","caption":"admin"},"sameAs":["https:\/\/stwillesquadrias.com.br\/blog"],"url":"https:\/\/stwillesquadrias.com.br\/blog\/author\/admin\/"}]}},"_links":{"self":[{"href":"https:\/\/stwillesquadrias.com.br\/blog\/wp-json\/wp\/v2\/posts\/201","targetHints":{"allow":["GET"]}}],"collection":[{"href":"https:\/\/stwillesquadrias.com.br\/blog\/wp-json\/wp\/v2\/posts"}],"about":[{"href":"https:\/\/stwillesquadrias.com.br\/blog\/wp-json\/wp\/v2\/types\/post"}],"author":[{"embeddable":true,"href":"https:\/\/stwillesquadrias.com.br\/blog\/wp-json\/wp\/v2\/users\/1"}],"replies":[{"embeddable":true,"href":"https:\/\/stwillesquadrias.com.br\/blog\/wp-json\/wp\/v2\/comments?post=201"}],"version-history":[{"count":1,"href":"https:\/\/stwillesquadrias.com.br\/blog\/wp-json\/wp\/v2\/posts\/201\/revisions"}],"predecessor-version":[{"id":204,"href":"https:\/\/stwillesquadrias.com.br\/blog\/wp-json\/wp\/v2\/posts\/201\/revisions\/204"}],"wp:featuredmedia":[{"embeddable":true,"href":"https:\/\/stwillesquadrias.com.br\/blog\/wp-json\/wp\/v2\/media\/203"}],"wp:attachment":[{"href":"https:\/\/stwillesquadrias.com.br\/blog\/wp-json\/wp\/v2\/media?parent=201"}],"wp:term":[{"taxonomy":"category","embeddable":true,"href":"https:\/\/stwillesquadrias.com.br\/blog\/wp-json\/wp\/v2\/categories?post=201"},{"taxonomy":"post_tag","embeddable":true,"href":"https:\/\/stwillesquadrias.com.br\/blog\/wp-json\/wp\/v2\/tags?post=201"}],"curies":[{"name":"wp","href":"https:\/\/api.w.org\/{rel}","templated":true}]}}